{"id":33274,"date":"2024-03-21T11:35:27","date_gmt":"2024-03-21T11:35:27","guid":{"rendered":"https:\/\/dekkbi.com\/?p=33274"},"modified":"2024-03-21T12:50:01","modified_gmt":"2024-03-21T12:50:01","slug":"deficit-public-elections-europeennes-emmanuel-macron-consulte-ses-ministres-et-sa-majorite","status":"publish","type":"post","link":"https:\/\/dekkbi.com\/?p=33274","title":{"rendered":"D\u00e9ficit public, \u00e9lections europ\u00e9ennes: le Pr\u00e9sident Emmanuel Macron consulte ses ministres et sa majorit\u00e9"},"content":{"rendered":"\n<p>Le chef de l&rsquo;\u00c9tat a r\u00e9uni mercredi soir \u00e0 l&rsquo;\u00c9lys\u00e9e plusieurs ministres et cadres de la majorit\u00e9 pour parler finances publiques et \u00e9lections europ\u00e9ennes, \u00e0 moins de trois mois du scrutin, alors que l&rsquo;alliance Renaissance-Horizons-Modem reste distanc\u00e9e de plus de dix points par celle du RN. Deux sujets de crise qui agitent dans les rangs de la majorit\u00e9. Et tandis que les chiffres s&rsquo;annoncent mauvais, le chef de l&rsquo;\u00c9tat a encha\u00een\u00e9 les r\u00e9unions jusque tard dans la nuit.\u00a0\u00a0<\/p>\n\n\n\n<p><strong>Par : RFI<\/strong><\/p>\n\n\n\n<p>Une soir\u00e9e en deux temps et une mobilisation maximale au sommet de l&rsquo;\u00c9tat. Autour de la table notamment, Bruno Le Maire, G\u00e9rald Darmanin, Catherine Vautrin ministre du Travail, de la Sant\u00e9 et des Solidarit\u00e9s, Thomas Cazenave, ministre des Comptes publics. Une cellule de crise pour aborder la situation financi\u00e8re, calamiteuse du pays et le contexte politique, p\u00e9rilleux.&nbsp;<\/p>\n\n\n\n<p>Il s&rsquo;agit \u00e9videmment des \u00e9lections europ\u00e9ennes et de la strat\u00e9gie de la majorit\u00e9 visant \u00e0 attaquer le RN. M\u00e9thode qui n\u2019a pas port\u00e9 ses fruits, selon le chef de l&rsquo;\u00c9tat. Il a \u00e9galement r\u00e9clam\u00e9 une meilleure d\u00e9fense du bilan de ses eurod\u00e9put\u00e9s avant de faire des propositions sur le programme au mois d&rsquo;avril.&nbsp;<\/p>\n\n\n\n<h2 class=\"wp-block-heading\">D\u00e9ficit public<\/h2>\n\n\n\n<p>Et apr\u00e8s le scrutin europ\u00e9en, ce sont les finances publiques qui ont occup\u00e9 le reste de la soir\u00e9e. Avec une \u00ab<em>\u00a0situation difficile du fait du contexte g\u00e9opolitique\u00a0<\/em>\u00bb, a expliqu\u00e9 Emmanuel Macron aux participants. L&rsquo;Insee rendra son verdict le 26 mars, mais les chiffres ne sont pas bons : le d\u00e9ficit public 2023 sera \u00ab<em>significativement\u00a0<\/em>\u00bb sup\u00e9rieur aux 4,9% du PIB pr\u00e9vus, a averti le ministre de l&rsquo;\u00c9conomie Bruno Le Maire. L&rsquo;objectif d&rsquo;un d\u00e9ficit ramen\u00e9 \u00e0 4,4% cette ann\u00e9e appara\u00eet hors de port\u00e9e.\u00a0Le chef de l&rsquo;\u00c9tat aurait sond\u00e9 ses invit\u00e9s sur les pistes possibles pour r\u00e9duire le d\u00e9ficit sans qu&rsquo;aucune d\u00e9cision ne soit prise.\u00a0<\/p>\n\n\n\n<p>Emmanuel Macron a jou\u00e9 les directeurs de campagne, appelant ses troupes \u00e0 moins de commentaires et \u00e0 plus de mobilisation en vue des europ\u00e9ennes. Car il le sait : du score de la majorit\u00e9 le 9 juin prochain d\u00e9pendra aussi la capacit\u00e9 politique de l\u2019ex\u00e9cutif \u00e0 faire accepter ses\u00a0<strong>d\u00e9cisions budg\u00e9taires<\/strong>.<\/p>\n","protected":false},"excerpt":{"rendered":"<p>Le chef de l&rsquo;\u00c9tat a r\u00e9uni mercredi soir \u00e0 l&rsquo;\u00c9lys\u00e9e plusieurs ministres et cadres de la majorit\u00e9 pour parler finances<\/p>\n","protected":false},"author":1,"featured_media":10525,"comment_status":"open","ping_status":"open","sticky":false,"template":"","format":"standard","meta":{"footnotes":""},"categories":[51],"tags":[],"class_list":["post-33274","post","type-post","status-publish","format-standard","has-post-thumbnail","hentry","category-general"],"_links":{"self":[{"href":"https:\/\/dekkbi.com\/index.php?rest_route=\/wp\/v2\/posts\/33274","targetHints":{"allow":["GET"]}}],"collection":[{"href":"https:\/\/dekkbi.com\/index.php?rest_route=\/wp\/v2\/posts"}],"about":[{"href":"https:\/\/dekkbi.com\/index.php?rest_route=\/wp\/v2\/types\/post"}],"author":[{"embeddable":true,"href":"https:\/\/dekkbi.com\/index.php?rest_route=\/wp\/v2\/users\/1"}],"replies":[{"embeddable":true,"href":"https:\/\/dekkbi.com\/index.php?rest_route=%2Fwp%2Fv2%2Fcomments&post=33274"}],"version-history":[{"count":3,"href":"https:\/\/dekkbi.com\/index.php?rest_route=\/wp\/v2\/posts\/33274\/revisions"}],"predecessor-version":[{"id":33293,"href":"https:\/\/dekkbi.com\/index.php?rest_route=\/wp\/v2\/posts\/33274\/revisions\/33293"}],"wp:featuredmedia":[{"embeddable":true,"href":"https:\/\/dekkbi.com\/index.php?rest_route=\/wp\/v2\/media\/10525"}],"wp:attachment":[{"href":"https:\/\/dekkbi.com\/index.php?rest_route=%2Fwp%2Fv2%2Fmedia&parent=33274"}],"wp:term":[{"taxonomy":"category","embeddable":true,"href":"https:\/\/dekkbi.com\/index.php?rest_route=%2Fwp%2Fv2%2Fcategories&post=33274"},{"taxonomy":"post_tag","embeddable":true,"href":"https:\/\/dekkbi.com\/index.php?rest_route=%2Fwp%2Fv2%2Ftags&post=33274"}],"curies":[{"name":"wp","href":"https:\/\/api.w.org\/{rel}","templated":true}]}}