{"id":33241,"date":"2024-03-21T10:21:07","date_gmt":"2024-03-21T10:21:07","guid":{"rendered":"https:\/\/dekkbi.com\/?p=33241"},"modified":"2024-03-21T10:22:49","modified_gmt":"2024-03-21T10:22:49","slug":"cheikh-tidiane-dieye-retire-sa-candidature-pour-soutenir-diomaye","status":"publish","type":"post","link":"https:\/\/dekkbi.com\/?p=33241","title":{"rendered":"Cheikh Tidiane Dieye retire sa candidature pour soutenir Diomaye !"},"content":{"rendered":"\n<p>iGFM &#8211; (Dakar) Le Candidat Dr Cheikh Tidiane Dieye a annonc\u00e9 le retrait de sa candidature. Il a ainsi d\u00e9cid\u00e9 de se ranger derri\u00e8re le candidat Bassirou Diomaye Faye et demande \u00e0 ses militants et partisans \u00e0 suivre cette voie.<\/p>\n\n\n\n<p>\u00abApr\u00e8s avoir consult\u00e9 ma famille, mes militants et sympathisants qui m\u2019accompagnent en politique, mes amis et proches, j\u2019appelle tous ceux \u00a0qui m\u2019ont suivi et qui \u00e9taient pr\u00eats \u00e0 voter pour moi, \u00a0\u00e0 reporter leur vote et leurs voix sur le candidat Bassirou Diopmaye Faye pour l\u2019\u00e9lire d\u00e8s le premier tour. En cons\u00e9quence de quoi, je retire ma candidature \u00e0 l\u2019\u00e9lection \u00a0afin d\u2019\u00e9viter tout \u00e9clatement et \u00e9parpillement des voix autour de notre projet\u00bb, a-t-il d\u00e9clar\u00e9.<\/p>\n\n\n\n<figure class=\"wp-block-embed is-type-rich is-provider-prise-en-charge-des-contenus-embarqu-s wp-block-embed-prise-en-charge-des-contenus-embarqu-s wp-embed-aspect-16-9 wp-has-aspect-ratio\"><div class=\"wp-block-embed__wrapper\">\n<iframe loading=\"lazy\" title=\"URGENT -Cheikh Tidiane Dieye retire sa candidature pour soutenir Diomaye\" width=\"800\" height=\"450\" src=\"https:\/\/www.youtube.com\/embed\/pHMfFmiaU3k?feature=oembed\" frameborder=\"0\" allow=\"accelerometer; autoplay; clipboard-write; encrypted-media; gyroscope; picture-in-picture; web-share\" allowfullscreen><\/iframe>\n<\/div><\/figure>\n","protected":false},"excerpt":{"rendered":"<p>iGFM &#8211; (Dakar) Le Candidat Dr Cheikh Tidiane Dieye a annonc\u00e9 le retrait de sa candidature. Il a ainsi d\u00e9cid\u00e9<\/p>\n","protected":false},"author":1,"featured_media":29726,"comment_status":"open","ping_status":"open","sticky":false,"template":"","format":"standard","meta":{"footnotes":""},"categories":[26],"tags":[],"class_list":["post-33241","post","type-post","status-publish","format-standard","has-post-thumbnail","hentry","category-fait-divers"],"_links":{"self":[{"href":"https:\/\/dekkbi.com\/index.php?rest_route=\/wp\/v2\/posts\/33241","targetHints":{"allow":["GET"]}}],"collection":[{"href":"https:\/\/dekkbi.com\/index.php?rest_route=\/wp\/v2\/posts"}],"about":[{"href":"https:\/\/dekkbi.com\/index.php?rest_route=\/wp\/v2\/types\/post"}],"author":[{"embeddable":true,"href":"https:\/\/dekkbi.com\/index.php?rest_route=\/wp\/v2\/users\/1"}],"replies":[{"embeddable":true,"href":"https:\/\/dekkbi.com\/index.php?rest_route=%2Fwp%2Fv2%2Fcomments&post=33241"}],"version-history":[{"count":1,"href":"https:\/\/dekkbi.com\/index.php?rest_route=\/wp\/v2\/posts\/33241\/revisions"}],"predecessor-version":[{"id":33243,"href":"https:\/\/dekkbi.com\/index.php?rest_route=\/wp\/v2\/posts\/33241\/revisions\/33243"}],"wp:featuredmedia":[{"embeddable":true,"href":"https:\/\/dekkbi.com\/index.php?rest_route=\/wp\/v2\/media\/29726"}],"wp:attachment":[{"href":"https:\/\/dekkbi.com\/index.php?rest_route=%2Fwp%2Fv2%2Fmedia&parent=33241"}],"wp:term":[{"taxonomy":"category","embeddable":true,"href":"https:\/\/dekkbi.com\/index.php?rest_route=%2Fwp%2Fv2%2Fcategories&post=33241"},{"taxonomy":"post_tag","embeddable":true,"href":"https:\/\/dekkbi.com\/index.php?rest_route=%2Fwp%2Fv2%2Ftags&post=33241"}],"curies":[{"name":"wp","href":"https:\/\/api.w.org\/{rel}","templated":true}]}}