{"id":33208,"date":"2024-03-21T09:40:17","date_gmt":"2024-03-21T09:40:17","guid":{"rendered":"https:\/\/dekkbi.com\/?p=33208"},"modified":"2024-03-21T09:40:18","modified_gmt":"2024-03-21T09:40:18","slug":"football-litalie-aux-etats-unis-avec-sinner-comme-modele","status":"publish","type":"post","link":"https:\/\/dekkbi.com\/?p=33208","title":{"rendered":"Football: l&rsquo;Italie aux Etats-Unis avec Sinner comme mod\u00e8le"},"content":{"rendered":"\n<p>L&rsquo;Italie, championne d&rsquo;Europe 2021 en panne de r\u00e9sultats et de confiance, a \u00e9t\u00e9 accueillie aux Etats-Unis, o\u00f9 elle dispute deux matches amicaux, en vue de l&rsquo;Euro-2024 par le tennisman Jannik Sinner que Luciano Spalletti a \u00e9rig\u00e9 en mod\u00e8le pour ses Azzurri.<\/p>\n\n\n\n<p>Une heure seulement apr\u00e8s l&rsquo;arriv\u00e9e de la Nazionale en Floride mardi, Spalletti a programm\u00e9 une s\u00e9ance d&rsquo;entra\u00eenement au DRV PNK Stadium de Fort Lauderdale, le stade de l&rsquo;Inter Miami de Lionel Messi, o\u00f9 son \u00e9quipe affrontera l&rsquo;Equateur jeudi (22h00).<\/p>\n\n\n\n<p>Officiellement, cela devait permettre aux organismes des internationaux italiens de s&rsquo;affranchir au plus vite des effets n\u00e9gatifs du d\u00e9calage horaire.<\/p>\n\n\n\n<p>Mais le s\u00e9lectionneur italien a aussi pens\u00e9 au mental de ses joueurs: dans le comit\u00e9 d&rsquo;accueil s&rsquo;est gliss\u00e9 Jannik Sinner, nouvelle r\u00e9f\u00e9rence du sport italien depuis qu&rsquo;il a offert \u00e0 son pays la Coupe Davis 2023 en novembre, conquis l&rsquo;Open d&rsquo;Australie en janvier et grimp\u00e9 \u00e0 la 3e place du classement du tennis mondial.<\/p>\n\n\n\n<p>\u00ab\u00a0Maintenant, cela va \u00eatre plus facile de parler de discipline et de motivation. Prenez juste un petit morceau de lui\u00a0\u00bb, a lanc\u00e9 Spalletti \u00e0 ses joueurs.<\/p>\n\n\n\n<h2 class=\"wp-block-heading\">\u00ab\u00a0Beaucoup de fiert\u00e9\u00a0\u00bb<\/h2>\n\n\n\n<p>A 22 ans, Sinner, pr\u00e9sent en Floride pour le Masters 1000 de Miami apr\u00e8s avoir atteint les demi-finales \u00e0 Indian Wells, en Californie, est en effet un mod\u00e8le de sang-froid en match, d&rsquo;implication \u00e0 l&rsquo;entra\u00eenement et d&rsquo;humilit\u00e9 en dehors des terrains, que Spalletti cite r\u00e9guli\u00e8rement en exemple.<\/p>\n\n\n\n<p>\u00ab\u00a0Nous te suivons avec beaucoup de fiert\u00e9 (&#8230;) Tout le monde ne parle plus que de tennis gr\u00e2ce \u00e0 toi\u00a0\u00bb, a rench\u00e9ri l&rsquo;ancien embl\u00e9matique gardien de la Nazionale Gianluigi Buffon, d\u00e9sormais chef de la d\u00e9l\u00e9gation italienne.<\/p>\n\n\n\n<p>Rendre leur fiert\u00e9 aux Italiens, c&rsquo;est le leitmotiv de Spalletti depuis qu&rsquo;il a succ\u00e9d\u00e9 \u00e0 Roberto Mancini en ao\u00fbt et l&rsquo;ancien entra\u00eeneur de Naples a du pain sur planche.<\/p>\n\n\n\n<p>Absente des deux derni\u00e8res phases finales de la Coupe du monde, l&rsquo;Italie a arrach\u00e9 difficilement son billet pour l&rsquo;Euro en Allemagne (14 juin-14 juillet) et le sacre europ\u00e9en inattendu de 2021, face \u00e0 l&rsquo;Angleterre en finale (1-1 a.p. 3 tirs au but \u00e0 2) semble bien loin.<\/p>\n\n\n\n<p>Sans compter que sa Nazionale est \u00e9clabouss\u00e9e par l&rsquo;\u00e9cume d&rsquo;affaires retentissantes: apr\u00e8s l&rsquo;affaires des plateformes de paris clandestins qui ont abouti aux longues suspensions de Nicolo Fagioli et de Sandro Tonali, Spalletti a d\u00fb se passer de Francesco Acerbi.<\/p>\n\n\n\n<h2 class=\"wp-block-heading\">Huit buts seulement<\/h2>\n\n\n\n<p>Initialement convoqu\u00e9 pour les matches contre l&rsquo;Equateur jeudi et le Venezuela dimanche pr\u00e8s de New York, le d\u00e9fenseur de l&rsquo;Inter est rest\u00e9 \u00e0 Milan. Il va \u00eatre entendu par le procureur de la F\u00e9d\u00e9ration italienne apr\u00e8s avoir \u00e9t\u00e9 accus\u00e9 par le joueur de Naples Juan Jesus d&rsquo;avoir tenu des propos racistes dimanche.<\/p>\n\n\n\n<p>Le s\u00e9lectionneur va profiter de ce dernier rassemblement avant la pr\u00e9paration proprement dite \u00e0 l&rsquo;Euro o\u00f9 l&rsquo;Italie va affronter l&rsquo;Albanie, l&rsquo;Espagne et la Croatie, pour marteler le r\u00e9glement interne qu&rsquo;il entend instaurer durant le tournoi.<\/p>\n\n\n\n<p>Spalletti n&rsquo;a en effet pas dig\u00e9r\u00e9 de voir certains de ses internationaux jouer jusqu&rsquo;au petit matin \u00e0 des jeux vid\u00e9o \u00e0 la veille du match capital contre l&rsquo;Ukraine.<\/p>\n\n\n\n<p>\u00ab\u00a0Qui vient faire le con n&rsquo;a pas sa place en \u00e9quipe nationale, c&rsquo;est le contrat entre eux et moi\u00a0\u00bb, a-t-il pr\u00e9venu lundi en conf\u00e9rence de presse.<\/p>\n\n\n\n<p>\u00ab\u00a0On va utiliser ces deux matches pour utiliser d&rsquo;autres syst\u00e8mes de jeu et pour mieux conna\u00eetre les nouveaux venus\u00a0\u00bb, a poursuivi le s\u00e9lectionneur italien qui a convoqu\u00e9 trois d\u00e9butants, dont la surprise Lorenzo Lucca, attaquant de l&rsquo;Udinese.<\/p>\n\n\n\n<p>La Nazionale, o\u00f9 n&rsquo;apparait plus le capitaine de la Lazio Ciro Immobile, manque cruellement d&rsquo;efficacit\u00e9 offensive: le meilleur buteur en s\u00e9lection parmi les 28 convoqu\u00e9s est le milieu de l&rsquo;Inter Nicolo Barella avec huit r\u00e9alisations (en 51 capes)&#8230;<\/p>\n\n\n\n<p>M\u00eame Sinner n&rsquo;a pas dans ce domaine la solution: s&rsquo;il est supporter de l&rsquo;AC Milan, son sport de pr\u00e9dilection, en dehors du tennis, est le ski alpin.<\/p>\n\n\n\n<p>SOURCE TV5<\/p>\n","protected":false},"excerpt":{"rendered":"<p>L&rsquo;Italie, championne d&rsquo;Europe 2021 en panne de r\u00e9sultats et de confiance, a \u00e9t\u00e9 accueillie aux Etats-Unis, o\u00f9 elle dispute deux<\/p>\n","protected":false},"author":1,"featured_media":33209,"comment_status":"open","ping_status":"open","sticky":false,"template":"","format":"standard","meta":{"footnotes":""},"categories":[9],"tags":[],"class_list":["post-33208","post","type-post","status-publish","format-standard","has-post-thumbnail","hentry","category-sports"],"_links":{"self":[{"href":"https:\/\/dekkbi.com\/index.php?rest_route=\/wp\/v2\/posts\/33208","targetHints":{"allow":["GET"]}}],"collection":[{"href":"https:\/\/dekkbi.com\/index.php?rest_route=\/wp\/v2\/posts"}],"about":[{"href":"https:\/\/dekkbi.com\/index.php?rest_route=\/wp\/v2\/types\/post"}],"author":[{"embeddable":true,"href":"https:\/\/dekkbi.com\/index.php?rest_route=\/wp\/v2\/users\/1"}],"replies":[{"embeddable":true,"href":"https:\/\/dekkbi.com\/index.php?rest_route=%2Fwp%2Fv2%2Fcomments&post=33208"}],"version-history":[{"count":1,"href":"https:\/\/dekkbi.com\/index.php?rest_route=\/wp\/v2\/posts\/33208\/revisions"}],"predecessor-version":[{"id":33210,"href":"https:\/\/dekkbi.com\/index.php?rest_route=\/wp\/v2\/posts\/33208\/revisions\/33210"}],"wp:featuredmedia":[{"embeddable":true,"href":"https:\/\/dekkbi.com\/index.php?rest_route=\/wp\/v2\/media\/33209"}],"wp:attachment":[{"href":"https:\/\/dekkbi.com\/index.php?rest_route=%2Fwp%2Fv2%2Fmedia&parent=33208"}],"wp:term":[{"taxonomy":"category","embeddable":true,"href":"https:\/\/dekkbi.com\/index.php?rest_route=%2Fwp%2Fv2%2Fcategories&post=33208"},{"taxonomy":"post_tag","embeddable":true,"href":"https:\/\/dekkbi.com\/index.php?rest_route=%2Fwp%2Fv2%2Ftags&post=33208"}],"curies":[{"name":"wp","href":"https:\/\/api.w.org\/{rel}","templated":true}]}}