{"id":33193,"date":"2024-03-20T13:05:59","date_gmt":"2024-03-20T13:05:59","guid":{"rendered":"https:\/\/dekkbi.com\/?p=33193"},"modified":"2024-03-20T13:08:01","modified_gmt":"2024-03-20T13:08:01","slug":"a-quelques-jours-de-la-presidentielle-macky-sall-a-lheure-du-bilan","status":"publish","type":"post","link":"https:\/\/dekkbi.com\/?p=33193","title":{"rendered":"Macky Sall \u00e0 l&rsquo;heure du bilan"},"content":{"rendered":"\n<p>Sous certains aspects, le S\u00e9n\u00e9gal a chang\u00e9 de visage sous les mandats de Macky Sall. Ils sont aussi beaucoup de citoyens \u00e0 se sentir exclus de la transformation du&nbsp;<em>pays.&nbsp;<\/em><\/p>\n\n\n\n<p>Isma\u00efla B\u00e2, peintre en b\u00e2timent, travaille avec d&rsquo;autres ouvriers sur l&rsquo;un des innombrables chantiers sur la corniche de Dakar, capitale en pleine mutation. Comme beaucoup, il se sent exclu de la transformation du&nbsp;<em>S\u00e9n\u00e9gal<\/em>&nbsp;sous la pr\u00e9sidence Macky Sall.<\/p>\n\n\n\n<p><em>\u00ab\u00a0Je gagne 6.000 francs CFA par jour (9 euros). Comment pourrais-je r\u00eaver d&rsquo;avoir un appartement dans cet immeuble<\/em>\u00ab\u00a0, demande-t-il alors qu&rsquo;il paie 80.000 francs (122 euros) par mois pour deux chambres pour lui, sa femme et ses deux filles dans le quartier populaire de Ouakam et que le propri\u00e9taire menace d&rsquo;augmenter le loyer.<\/p>\n\n\n\n<h2 class=\"wp-block-heading\">1 S\u00e9n\u00e9galais sur 3 dans la pauvret\u00e9&nbsp;<\/h2>\n\n\n\n<p>Isma\u00efla B\u00e2, qui vend du caf\u00e9 et fait le coiffeur pour arrondir les fins de mois, fait partie de ces S\u00e9n\u00e9galais qui se croient \u00e0 l&rsquo;\u00e9cart d&rsquo;une croissance profitable \u00e0 une minorit\u00e9 dont le niveau de vie tranche avec celui de la grande majorit\u00e9.<\/p>\n\n\n\n<p>Macky Sall quittera la pr\u00e9sidence apr\u00e8s l&rsquo;\u00e9lection du 24 mars. En 12 ans, il a chang\u00e9 le visage de ce pays de 18 millions d&rsquo;habitants \u00e0 coups de grands travaux men\u00e9s par l\u2019\u00c9tat et le priv\u00e9, s\u00e9n\u00e9galais ou \u00e9tranger. Mais un S\u00e9n\u00e9galais sur trois au moins continue de vivre dans la pauvret\u00e9. Le pouvoir a tent\u00e9 tant bien que mal de contenir des crises multiples. Et trois derni\u00e8res ann\u00e9es d&rsquo;agitation, avec des dizaines de morts et des centaines d&rsquo;arrestations, ont assombri le&nbsp;<em>bilan<\/em>.<\/p>\n\n\n\n<p>Le report de derni\u00e8re minute de la pr\u00e9sidentielle a encore accru la d\u00e9fiance entre une partie de la population et ses dirigeants.\u00a0M. Sall s&rsquo;est retrouv\u00e9 accus\u00e9 de d\u00e9rive autoritaire.\u00a0<em>\u00ab\u00a0Sous son magist\u00e8re, diff\u00e9rents proc\u00e9d\u00e9s de fermeture de l&rsquo;espace public et d&rsquo;entrave \u00e0 l&rsquo;exercice des libert\u00e9s sont h\u00e9las devenus familiers\u00a0\u00bb,<\/em>\u00a0disait l&rsquo;intellectuel Felwine Sarr dans l&rsquo;hebdomadaire Jeune Afrique.<\/p>\n\n\n\n<h2 class=\"wp-block-heading\">Macky Sall b\u00e2tisseur&nbsp;<\/h2>\n\n\n\n<p>Ces derni\u00e8res semaines, il s&rsquo;est montr\u00e9 tour \u00e0 tour fatigu\u00e9 de la pr\u00e9sidence et piqu\u00e9 au vif par les attaques et les slogans \u00ab\u00a0<em>Macky Sall dictateur\u00a0\u00bb<\/em>.\u00a0<em>\u00ab\u00a0Le S\u00e9n\u00e9gal est un v\u00e9ritable \u00c9tat de droit. J&rsquo;ai refus\u00e9 d&rsquo;\u00eatre tent\u00e9 par un troisi\u00e8me mandat. Je suis un d\u00e9mocrate.<\/em>\u00ab\u00a0<\/p>\n\n\n\n<p>Lui et ses partisans vantent son action de b\u00e2tisseur. \u00ab\u00a0<em>Le pays dont j&rsquo;ai h\u00e9rit\u00e9 \u00e9tait v\u00e9ritablement v\u00e9tuste\u00a0\u00bb&nbsp;<\/em>mais il a connu en 12 ans une&nbsp;<em>\u00ab\u00a0transformation structurelle\u00a0\u00bb,&nbsp;<\/em>a-t-il d\u00e9clar\u00e9.<\/p>\n\n\n\n<p>Il a cr\u00e9\u00e9 une ville nouvelle, Diamniadio, pr\u00e8s de Dakar, vitrine d&rsquo;un grand plan pluriannuel de d\u00e9veloppement. Il a \u00e0 son actif un train rapide entre Dakar et sa banlieue, des a\u00e9roports, des autoroutes, des h\u00f4pitaux. Sa pr\u00e9sidence a presque fait oublier les coupures d&rsquo;\u00e9lectricit\u00e9.<\/p>\n\n\n\n<p>De ce point de vue, Macky Sall \u00ab\u00a0<em>a un bilan qui lui permet d&rsquo;entrer dans l&rsquo;histoire du S\u00e9n\u00e9gal\u00a0\u00bb,&nbsp;<\/em>a dit sur RFI le philosophe Souleymane Bachir Diagne, qui d\u00e9plore une&nbsp;<em>\u00ab\u00a0sortie rat\u00e9e\u00a0\u00bb<\/em>&nbsp;avec la d\u00e9cision&nbsp;<em>\u00ab\u00a0inexplicable\u00a0\u00bb<\/em>&nbsp;de reporter la pr\u00e9sidentielle.<\/p>\n\n\n\n<p>Les salaires ont augment\u00e9 ainsi que les aides destin\u00e9es aux pauvres. La part de la population vivant sous le seuil de pauvret\u00e9 a diminu\u00e9 de 5% entre 2011 et 2018\/19, selon l&rsquo;Agence nationale de la statistique (ANSD).<\/p>\n\n\n\n<figure class=\"wp-block-image\"><img decoding=\"async\" src=\"https:\/\/information.tv5monde.com\/sites\/tv5-info\/files\/styles\/entete\/public\/2024-03\/Le_TER_a%CC%80_la_gare_de_Dakar%2C_le_15_janvier_2019.jpeg?itok=u_g_4fpX\" alt=\"Train r\u00e9gional S\u00e9n\u00e9gal \" title=\"Train r\u00e9gional S\u00e9n\u00e9gal \"\/><\/figure>\n\n\n\n<p>Le Train Express R\u00e9gional \u00e0 Dakar, qui fonctionne au courant \u00e9lectrique.<\/p>\n\n\n\n<p>Voice of America<\/p>\n\n\n\n<h2 class=\"wp-block-heading\">En attendant le p\u00e9trole&nbsp;<\/h2>\n\n\n\n<p>Mais elle reste estim\u00e9e \u00e0 37,8%, dit l&rsquo;ANSD. Les in\u00e9galit\u00e9s ont \u00e0 peine diminu\u00e9, dit-elle.<\/p>\n\n\n\n<p>Le&nbsp;<em>S\u00e9n\u00e9gal<\/em>&nbsp;sous Macky Sall a accus\u00e9 le coup de chocs successifs, la pand\u00e9mie de Covid-19, la guerre en Ukraine, les restrictions \u00e0 l&rsquo;importation de c\u00e9r\u00e9ales en provenance de la r\u00e9gion ou du riz en provenance d&rsquo;Inde. La croissance soutenue pendant des ann\u00e9es a marqu\u00e9 le pas avant de reprendre, jusqu&rsquo;\u00e0 \u00eatre projet\u00e9e \u00e0 un niveau in\u00e9gal\u00e9 de 9,2% en 2024 gr\u00e2ce aux premi\u00e8res retomb\u00e9es attendues de l&rsquo;exploitation du p\u00e9trole et du gaz.<\/p>\n\n\n\n<p>L&rsquo;inflation a atteint en novembre 2022 un sommet de 14,1% sur un an, selon la Banque mondiale. Les d\u00e9penses engag\u00e9es pour parer aux crises, prot\u00e9ger les plus vuln\u00e9rables et relancer l&rsquo;\u00e9conomie ont accru le d\u00e9ficit et la dette.<\/p>\n\n\n\n<p>La dette, \u00e0 40% du PIB en 2012, en repr\u00e9sentait 69,4% en d\u00e9cembre 2023.<\/p>\n\n\n\n<p>L&rsquo;\u00e9conomiste-statisticien Moubarak L\u00f4 reconna\u00eet que la transformation \u00e0 marche forc\u00e9e du pays a \u00ab\u00a0fait le lit de l&rsquo;endettement\u00a0\u00bb, mais c&rsquo;\u00e9tait n\u00e9cessaire pour des infrastructures qui&nbsp;<em>\u00ab\u00a0ont chang\u00e9 le visage de Dakar\u00a0\u00bb.<\/em><\/p>\n\n\n\n<p><em>\u00ab\u00a0Macky Sall a choisi d&rsquo;investir dans les infrastructures et a oubli\u00e9 la qualit\u00e9 de vie\u00a0\u00bb<\/em>, objecte l&rsquo;\u00e9conomiste Cheikh Bamba Diagne.<\/p>\n\n\n\n<p>L&rsquo;opposition antisyst\u00e8me reproche au pr\u00e9sident Sall d&rsquo;avoir brad\u00e9 la souverainet\u00e9 \u00e9conomique du pays aux \u00e9trangers. Le ch\u00f4mage est pass\u00e9 de 10,2% en 2012 \u00e0 environ 20% en 2024, selon l&rsquo;ANSD.&nbsp;<\/p>\n\n\n\n<p><em>\u00ab\u00a0Il n&rsquo;y a pas de travail dans le pays\u00a0\u00bb,\u00a0<\/em>malgr\u00e9 les gisements de zircon, fer, phosphate, maugr\u00e9e Makhmadane Diouf, m\u00e9canicien de 38 ans.<\/p>\n\n\n\n<p>Malgr\u00e9 les dangers, des dizaines de milliers de S\u00e9n\u00e9galais, jeunes pour la plupart, ont pris des pirogues pour l&rsquo;Europe en qu\u00eate d&rsquo;une vie meilleure ces derni\u00e8res ann\u00e9es.<\/p>\n\n\n\n<figure class=\"wp-block-image\"><img decoding=\"async\" src=\"https:\/\/information.tv5monde.com\/sites\/tv5-info\/files\/styles\/entete\/public\/2024-03\/AP23208472652312.jpg?itok=Sabk2eb4\" alt=\"pirogues \" title=\"pirogues \"\/><\/figure>\n\n\n\n<p>Des habitants ram\u00e8nent \u00e0 terre un bateau chavir\u00e9 dans lequel plusieurs personnes, identifi\u00e9es par les autorit\u00e9s comme des migrants, ont \u00e9t\u00e9 retrouv\u00e9es mortes \u00e0 Dakar, au S\u00e9n\u00e9gal, le lundi 24 juillet 2023.<\/p>\n\n\n\n<p>AP Photo\/Leo Correa TV5.ORG<\/p>\n","protected":false},"excerpt":{"rendered":"<p>Sous certains aspects, le S\u00e9n\u00e9gal a chang\u00e9 de visage sous les mandats de Macky Sall. Ils sont aussi beaucoup de<\/p>\n","protected":false},"author":1,"featured_media":15933,"comment_status":"open","ping_status":"open","sticky":false,"template":"","format":"standard","meta":{"footnotes":""},"categories":[3],"tags":[],"class_list":["post-33193","post","type-post","status-publish","format-standard","has-post-thumbnail","hentry","category-event-more-news"],"_links":{"self":[{"href":"https:\/\/dekkbi.com\/index.php?rest_route=\/wp\/v2\/posts\/33193","targetHints":{"allow":["GET"]}}],"collection":[{"href":"https:\/\/dekkbi.com\/index.php?rest_route=\/wp\/v2\/posts"}],"about":[{"href":"https:\/\/dekkbi.com\/index.php?rest_route=\/wp\/v2\/types\/post"}],"author":[{"embeddable":true,"href":"https:\/\/dekkbi.com\/index.php?rest_route=\/wp\/v2\/users\/1"}],"replies":[{"embeddable":true,"href":"https:\/\/dekkbi.com\/index.php?rest_route=%2Fwp%2Fv2%2Fcomments&post=33193"}],"version-history":[{"count":2,"href":"https:\/\/dekkbi.com\/index.php?rest_route=\/wp\/v2\/posts\/33193\/revisions"}],"predecessor-version":[{"id":33195,"href":"https:\/\/dekkbi.com\/index.php?rest_route=\/wp\/v2\/posts\/33193\/revisions\/33195"}],"wp:featuredmedia":[{"embeddable":true,"href":"https:\/\/dekkbi.com\/index.php?rest_route=\/wp\/v2\/media\/15933"}],"wp:attachment":[{"href":"https:\/\/dekkbi.com\/index.php?rest_route=%2Fwp%2Fv2%2Fmedia&parent=33193"}],"wp:term":[{"taxonomy":"category","embeddable":true,"href":"https:\/\/dekkbi.com\/index.php?rest_route=%2Fwp%2Fv2%2Fcategories&post=33193"},{"taxonomy":"post_tag","embeddable":true,"href":"https:\/\/dekkbi.com\/index.php?rest_route=%2Fwp%2Fv2%2Ftags&post=33193"}],"curies":[{"name":"wp","href":"https:\/\/api.w.org\/{rel}","templated":true}]}}