{"id":33180,"date":"2024-03-20T12:38:41","date_gmt":"2024-03-20T12:38:41","guid":{"rendered":"https:\/\/dekkbi.com\/?p=33180"},"modified":"2024-03-20T12:38:41","modified_gmt":"2024-03-20T12:38:41","slug":"le-pakistan-veut-mieux-reguler-la-liberte-dexpression-sur-internet","status":"publish","type":"post","link":"https:\/\/dekkbi.com\/?p=33180","title":{"rendered":"Le Pakistan veut mieux r\u00e9guler la libert\u00e9 d&rsquo;expression sur internet"},"content":{"rendered":"\n<p>Depuis plus d\u2019un mois, le r\u00e9seau social X est difficile d\u2019acc\u00e8s, voire inaccessible au Pakistan. Si les autorit\u00e9s ne disent pas clairement leur implication dans la suspension du r\u00e9seau social, les propos tenus par le ministre de l\u2019Int\u00e9rieur mardi sur une cha\u00eene de t\u00e9l\u00e9vision publique, pr\u00f4nant un renforcement de la l\u00e9gislation qui r\u00e9gule la libert\u00e9 d&rsquo;expression sur internet, laissent craindre le pire.\u00a0<\/p>\n\n\n\n<p><em>Avec <strong>Sonia Ghezali<\/strong><\/em> <em>correspondante RFI au Pakistan<\/em><\/p>\n\n\n\n<p>\u00ab<em>&nbsp;Nous devons faire de meilleures lois&nbsp;<\/em>\u00bb, a d\u00e9clar\u00e9 Mohsin Naqvi. Quand on lui demande si son minist\u00e8re est responsable des probl\u00e8mes d&rsquo;acc\u00e8s \u00e0 X, le ministre de l\u2019Int\u00e9rieur pakistanais s\u2019explique en mettant en cause ce qu\u2019il nomme \u00ab&nbsp;<em>la production de fausses accusations contre les gens&nbsp;<\/em>\u00bb, un \u00ab<em>&nbsp;acte r\u00e9pr\u00e9hensible&nbsp;<\/em>\u00bb, dit-il. Et il sugg\u00e8re qu\u2019un r\u00e9examen des lois est n\u00e9cessaire pour lutter contre cela.<\/p>\n\n\n\n<p>Cette d\u00e9claration survient quelques semaines apr\u00e8s la tenue des flexions l\u00e9gislatives dans le pays. Un scrutin qui a \u00e9t\u00e9 entach\u00e9 par des accusations de fraudes \u00e9lectorales qui ont envahi la Toile et surtout les r\u00e9seaux sociaux. Certains \u00e9lecteurs ont m\u00eame post\u00e9 des vid\u00e9os d\u00e9voilant les coulisses de certains bureaux de vote o\u00f9 le chaos r\u00e9gnait. Certains responsables locaux ont m\u00eame reconnu avoir proc\u00e9d\u00e9 ou aider \u00e0 des fraudes dans des vid\u00e9os publi\u00e9es sur les r\u00e9seaux sociaux.<\/p>\n\n\n\n<h2 class=\"wp-block-heading\">R\u00f4le cl\u00e9 dans la campagne du PTI<\/h2>\n\n\n\n<p>Ces derniers ont par ailleurs \u00e9t\u00e9 le m\u00e9dium principal de campagne et de communication du parti d\u2019Imran Khan, l\u2019ex-Premier ministre emprisonn\u00e9. Le Pakistan Tehreek-e-Insaf (PTI) qui, m\u00eame s\u2019il n\u2019a pas \u00e9t\u00e9 autoris\u00e9 \u00e0 participer aux \u00e9lections, a remport\u00e9 le plus grand nombre de votes gr\u00e2ce \u00e0 ses candidats qui se sont pr\u00e9sent\u00e9s en ind\u00e9pendants.<\/p>\n\n\n\n<p>Internet a \u00e9t\u00e9 inaccessible le jour du scrutin et plusieurs heures le jour qui a suivi.<strong>\u00a0Le r\u00e9seau X en revanche reste depuis le 17 f\u00e9vrier tr\u00e8s perturb\u00e9<\/strong>. Il est accessible de fa\u00e7on intermittente, avec des diff\u00e9rences suivant le fournisseur internet, obligeant les utilisateurs qui le peuvent \u00e0 recourir \u00e0 des VPN (des r\u00e9seaux priv\u00e9s virtuels qui permettent de contourner les blocages).<\/p>\n\n\n\n<p>Des militants du PTI d\u2019Imran Khan y voient une volont\u00e9 de l\u2019establishment de faire taire, voire dispara\u00eetre le parti. Et plusieurs organisations internationales de d\u00e9fense des droits de l&rsquo;homme d\u00e9noncent une atteinte \u00e0 la libert\u00e9 d\u2019expression.<\/p>\n","protected":false},"excerpt":{"rendered":"<p>Depuis plus d\u2019un mois, le r\u00e9seau social X est difficile d\u2019acc\u00e8s, voire inaccessible au Pakistan. Si les autorit\u00e9s ne disent<\/p>\n","protected":false},"author":1,"featured_media":18046,"comment_status":"open","ping_status":"open","sticky":false,"template":"","format":"standard","meta":{"footnotes":""},"categories":[46],"tags":[],"class_list":["post-33180","post","type-post","status-publish","format-standard","has-post-thumbnail","hentry","category-technology"],"_links":{"self":[{"href":"https:\/\/dekkbi.com\/index.php?rest_route=\/wp\/v2\/posts\/33180","targetHints":{"allow":["GET"]}}],"collection":[{"href":"https:\/\/dekkbi.com\/index.php?rest_route=\/wp\/v2\/posts"}],"about":[{"href":"https:\/\/dekkbi.com\/index.php?rest_route=\/wp\/v2\/types\/post"}],"author":[{"embeddable":true,"href":"https:\/\/dekkbi.com\/index.php?rest_route=\/wp\/v2\/users\/1"}],"replies":[{"embeddable":true,"href":"https:\/\/dekkbi.com\/index.php?rest_route=%2Fwp%2Fv2%2Fcomments&post=33180"}],"version-history":[{"count":1,"href":"https:\/\/dekkbi.com\/index.php?rest_route=\/wp\/v2\/posts\/33180\/revisions"}],"predecessor-version":[{"id":33181,"href":"https:\/\/dekkbi.com\/index.php?rest_route=\/wp\/v2\/posts\/33180\/revisions\/33181"}],"wp:featuredmedia":[{"embeddable":true,"href":"https:\/\/dekkbi.com\/index.php?rest_route=\/wp\/v2\/media\/18046"}],"wp:attachment":[{"href":"https:\/\/dekkbi.com\/index.php?rest_route=%2Fwp%2Fv2%2Fmedia&parent=33180"}],"wp:term":[{"taxonomy":"category","embeddable":true,"href":"https:\/\/dekkbi.com\/index.php?rest_route=%2Fwp%2Fv2%2Fcategories&post=33180"},{"taxonomy":"post_tag","embeddable":true,"href":"https:\/\/dekkbi.com\/index.php?rest_route=%2Fwp%2Fv2%2Ftags&post=33180"}],"curies":[{"name":"wp","href":"https:\/\/api.w.org\/{rel}","templated":true}]}}