{"id":33151,"date":"2024-03-20T11:37:42","date_gmt":"2024-03-20T11:37:42","guid":{"rendered":"https:\/\/dekkbi.com\/?p=33151"},"modified":"2024-03-20T11:37:42","modified_gmt":"2024-03-20T11:37:42","slug":"lettre-ouverte-aux-militants-anti-cfa-a-l-occasion-de-lelection-presidentielle-senegalaise-de-2024-en-finir-definitivement-avec-le-cfa-eco-une-feuille-de-route","status":"publish","type":"post","link":"https:\/\/dekkbi.com\/?p=33151","title":{"rendered":"Lettre ouverte aux militants anti CFA \u00e0 l\u2019 occasion de l\u2019\u00e9lection pr\u00e9sidentielle s\u00e9n\u00e9galaise de 2024 : en finir d\u00e9finitivement avec le CFA\/ECO: Une feuille de route"},"content":{"rendered":"\n<p>L\u2019ann\u00e9e 2025 marquera le 65e anniversaire de l\u2019acc\u00e8s \u00e0 l\u2019ind\u00e9pendance des colonies fran\u00e7aises d\u2019Afrique. Beaucoup de comm\u00e9morations et de r\u00e9jouissances \u00e0 venir!<\/p>\n\n\n\n<p>Sauf que tout au long de l\u2019ann\u00e9e, l\u2019incongruit\u00e9 de la permanence du franc colonial (rebaptis\u00e9 eco avant sa naissance !) continuera \u00e0 susciter des controverses et des exigences visant \u00e0 mettre fin au statut quo. Nous avons en 2024 l\u2019opportunit\u00e9 d\u2019\u00e9crire une nouvelle page de notre histoire contemporaine de la d\u00e9colonisation. Ou de rester bloqu\u00e9s sur notre ligne de d\u00e9part de 1960 ou pire de prendre un faux d\u00e9part avec l\u2019eco fran\u00e7ais.(qui peut litt\u00e9ralement \u00eatre qualifi\u00e9 de non-\u00e9v\u00e9nement).<\/p>\n\n\n\n<p>Battre monnaie est un droit r\u00e9galien qui rel\u00e8ve de la comp\u00e9tence exclusive de notre Assembl\u00e9e nationale, c\u2019est \u00e0 dire du peuple souverain. Le Cfa, m\u00eame dans la version \u201ceco\u201d que se \u201cseraient appropri\u00e9e\u201d certains chefs d\u2019Etats africains n\u2019en serait pas moins une violation continuelle de notre Constitution.(1).<\/p>\n\n\n\n<p>Il faudrait donc commencer par se \u201cr\u00e9approprier\u201d notre droit souverain de battre notre propre monnaie au cas o\u00f9 il aurait \u00e9t\u00e9 d\u00e9l\u00e9gu\u00e9 par une convention quelconque. La souverainet\u00e9 ne se d\u00e9l\u00e8gue pas. A la limite, elle se partage dans un sch\u00e9ma d\u2019int\u00e9gration r\u00e9gionale (monnaie unique ou commune d\u2019abord, forces de d\u00e9fense, commerce ext\u00e9rieur etc.). Apr\u00e8s tout, pr\u00e8s de 150 pays ont leur propre monnaie nationale, y compris 40 pays africains. Qu\u2019on ne vienne surtout pas me dire que le S\u00e9n\u00e9gal ne dispose pas des comp\u00e9tences \u00e9conomiques et techniques pour g\u00e9rer une monnaie nationale alors que la Mauritanie et la Gambie en disposent. Ce n\u2019est pas un probl\u00e8me technique mais politique.<\/p>\n\n\n\n<p>1.Le subterfuge de l\u2019Eco fran\u00e7ais<\/p>\n\n\n\n<p>Le subterfuge de l\u2019Eco fran\u00e7ais a&nbsp;<a href=\"https:\/\/www.facebook.com\/hashtag\/%C3%A9t%C3%A9?__eep__=6&amp;__cft__%5b0%5d=AZXhPAcaWA_8OwaezB37EXwSznkG0uhVToEhvmfwP7USG6vBWr9wBJ402yDnaedkMJKYka1oy2fLuHvsZjWdIzkz2Q2WGADEhfvv-eIEymHztMUjmck3dgnt0KqQ1mS_4Y0&amp;__tn__=*NK-R\">\u00e9t\u00e9<\/a>&nbsp;rapidement d\u00e9busqu\u00e9 pour ce qu\u2019il repr\u00e9sente un leurre! La garantie accord\u00e9e par la France lui donne un droit de regard sur les transactions internationales des pays de la zone Cfa\/Eco et sur une d\u00e9valuation \u00e9ventuelle, l\u2019arrimage exclusif \u00e0 l\u2019Euro continuera \u00e0 alimenter les transferts libres de capitaux et l\u2019\u00e9vasion fiscale et \u00e0 plomber la comp\u00e9titivit\u00e9 de nos \u00e9conomies, l\u2019arr\u00eat du compte d\u2019op\u00e9rations n\u2019emp\u00eachera pas le \u201clibre\u201dd\u00e9p\u00f4t des r\u00e9serves ou de l\u2019or aupr\u00e8s de la Banque de France ou de la Banque europ\u00e9enne (m\u00eame si comme l\u2019a soulign\u00e9 le Pr\u00e9sident fran\u00e7ais, cela ne devient plus\u2026 \u201cobligatoire \u201c). Quant au retrait des administrateurs fran\u00e7ais, cela ne r\u00e9duit en rien la capacit\u00e9 \u00e0 exercer la tutelle cette fois-ci par \u201cle biais de relations plus informelles \u201c dixit le Pr\u00e9sident Macron dans son discours d\u2019Abidjan. C\u2019est la d\u00e9finition m\u00eame du n\u00e9ocolonialisme : Indirect rule! On conna\u00eet.<\/p>\n\n\n\n<p>Mais l\u2019\u00e9l\u00e9ment le plus nocif c\u2019est que la \u201cgarantie\u201d de la France lui ouvre la possibilit\u00e9 d\u2019influer sur les \u00e9tapes suivantes dans la construction d\u2019un espace mon\u00e9taire commun en Afrique de l\u2019Ouest et de le d\u00e9railler durablement. Ainsi le Pr\u00e9sident Macron dans son discours d\u2019Abidjan du 21 d\u00e9cembre 2019 (disponible sur YouTube) fait-il appel au Ghana, \u00e0 la Guin\u00e9e, \u00e0 la Gambie, \u00e0 la Sierra Leone pour qu\u2019ils se joignent \u00e0 l\u2019initiative fran\u00e7aise\/UEMOA et ne mentionne pas une seule fois le Nigeria! Pas une seule fois! Tout est dit.<\/p>\n\n\n\n<p>Mais cela dit dans ce d\u00e9bat, je pense que deux perspectives manquent \u00e0 l\u2019appel:<\/p>\n\n\n\n<ol class=\"wp-block-list\" start=\"2\">\n<li>Mettre fin au franc CFA -ECO : Un d\u00e9bat de \u201cnous dans nous\u201d.<\/li>\n<\/ol>\n\n\n\n<p>La discussion avec les chefs d\u2019Etat africains des ex-colonies fran\u00e7aises ou avec les responsables de l\u2019Etat fran\u00e7ais ne doit pas absorber toute notre \u00e9nergie. Ils nous entendent mais ils n\u2019\u00e9coutent pas.<\/p>\n\n\n\n<p>Alors je le redis haut et fort :<\/p>\n\n\n\n<p>Le fait qu\u2019une monnaie fran\u00e7aise (2) continue de circuler dans l\u2019ancien espace colonial africain, 65 ans apr\u00e8s les ind\u00e9pendances est tout simplement une aberration politique sociale et \u00e9conomique.<\/p>\n\n\n\n<p>Tout simplement \u2026et le d\u00e9bat devrait \u00eatre clos.<\/p>\n\n\n\n<p>Cela a assez dur\u00e9, l\u2019immobilisme (pardon la\u201dstabilit\u00e9 !) n\u2019est pas consistant avec les besoins du d\u00e9veloppement et de l\u2019\u00e9radication de la pauvret\u00e9. Parit\u00e9 fixe alors que tout bouge autour de nous? Apr\u00e8s 65 ans on devrait savoir. Non?<\/p>\n\n\n\n<p>Les arguments d\u2019un Ouattara portant sur la stabilit\u00e9, la garantie et l\u2019inflation ma\u00eetris\u00e9e n\u2019invalident en aucune mani\u00e8re la mise en place d\u2019une alternative qui int\u00e8gre ces crit\u00e8res (si tel est notre choix) tout en nous permettant d\u2019exercer pleinement les attributs de notre souverainet\u00e9 \u00e9conomique et mon\u00e9taire indispensables \u00e0 toute entreprise s\u00e9rieuse de d\u00e9veloppement. Que ce soit au niveau national ou r\u00e9gional.<\/p>\n\n\n\n<p>Mr Ouattara, on conna\u00eet son parcours. Apr\u00e8s avoir dirig\u00e9 la Banque Centrale des \u00c9tats de l\u2019Afrique de l\u2019Ouest et port\u00e9 un titre ronflant au FMI, il a \u00e9t\u00e9 litt\u00e9ralement port\u00e9 au pouvoir par les chars de l\u2019arm\u00e9e fran\u00e7aise diligent\u00e9s par l\u2019Etat fran\u00e7ais et alli\u00e9s \u00e0 des gangs de rebelles surgis du Burkina Faso. (Ce que Guillaume Soro a r\u00e9cemment confirm\u00e9). L\u2019all\u00e9geance de Alassane Dramane Ouattara \u00e0 la Fran\u00e7afrique est indiscutable. Il n\u2019est donc pas cr\u00e9dible.<\/p>\n\n\n\n<p>Qui d\u2019ailleurs en Afrique l\u2019\u00e9coute?<\/p>\n\n\n\n<p>L\u2019\u00e9tat fran\u00e7ais quant \u00e0 lui n\u2019a jamais \u00e9t\u00e9 respectueux et encore moins g\u00e9n\u00e9reux avec ses ex-colonies, nonobstant la soit disant aide au d\u00e9veloppement. L\u2019Etat fran\u00e7ais n\u2019a jamais \u00e9t\u00e9 \u201cl\u2019ami\u201ddes peuples africains. Jamais. Il suffit de relire les ouvrages d\u2019histoire: d\u00e9portations massives de nos anc\u00eatres pour ravitailler les march\u00e9s d\u2019esclaves outre atlantique, conqu\u00eates coloniales d\u2019une violence inou\u00efe, expropriations arbitraires, travail forc\u00e9, balkanisation, pacte colonial\u2026.(5). Ce n\u2019est pas pour rien que le colonialisme a \u00e9t\u00e9 qualifi\u00e9 de crime contre l\u2019humanit\u00e9 par les Nations Unies.<\/p>\n\n\n\n<p>Vous avez dit \u201camis\u201d?<\/p>\n\n\n\n<p>Quant au Cfa, l\u2019Administration fran\u00e7aise a quand m\u00eame r\u00e9ussi la prouesse de rendre la BCEAO ind\u00e9pendante des Etats africains tout en maintenant sa tutelle \u00e0 travers diff\u00e9rents m\u00e9canismes administratifs et bureaucratiques. Prouesse d\u2019autant plus remarquable que cette tutelle s\u2019exerce hors de tout contr\u00f4le parlementaire fran\u00e7ais efficace bien qu\u2019il s\u2019agisse d\u2019une monnaie \u00e9minemment fran\u00e7aise. In fine, le CFA est sous la seule tutelle du Ministre fran\u00e7ais des finances libre par ailleurs de toute supervision d\u00e9mocratique et qui, \u00e0 travers la zone franc, contr\u00f4le l\u2018\u00e9conomie de tout un groupe de pays.<\/p>\n\n\n\n<p>Chapeau! La France! Et l\u2019Eco n\u2019y changera rien.<\/p>\n\n\n\n<p>Soyons clairs: Si l\u2019Etat fran\u00e7ais continue d\u2019imposer la circulation de sa monnaie dans son ancien espace colonial, c\u2019est tout simplement parce qu\u2019il y trouve son int\u00e9r\u00eat et ce \u00e0 notre d\u00e9triment, sinon il y a longtemps qu\u2019il y aurait mis fin. Sans \u00e9tat d\u2019\u00e2me. Comme lors de sa d\u00e9cision unilat\u00e9rale de d\u00e9valuer le CFA en 1994. Sans compter celle qui pourrait advenir \u2026.par surprise (?)<\/p>\n\n\n\n<p><strong>Amplifier la campagne contre le Cfa-Eco fran\u00e7ais<\/strong><\/p>\n\n\n\n<p>Donc le d\u00e9bat n\u2019est pas avec eux. Ou du moins, ce n\u2019est pas le plus important. Ce que nous devons \u00e9tablir maintenant, c\u2019est un rapport de force en portant le d\u00e9bat au sein de l\u2019opinion publique et des organisations populaires. La question est la suivante: En quoi et \u00e0 quelles conditions le remplacement du Cfa-Eco par une monnaie nationale puis r\u00e9gionale sera-t-il b\u00e9n\u00e9fique aux p\u00eacheurs, aux \u00e9leveurs, aux producteurs d\u2019arachides, de cacao, \u2018aux femmes associ\u00e9es dans des groupements de production, aux PMEs et aux acteurs du secteur dit informel ..?<\/p>\n\n\n\n<p><strong>Le probl\u00e8me est donc politique. Et il rel\u00e8ve du Parlement et de la soci\u00e9t\u00e9.<\/strong><\/p>\n\n\n\n<p>Pour chaque secteur, il faudrait en fait entreprendre de s\u00e9rieuses recherches d\u2019impacts futurs, d\u00e9velopper les argumentaires et donner des r\u00e9ponses objectives car il s\u2019agit de la vie des gens et il faut cesser de prendre des d\u00e9cisions \u00e0 leur place. C\u2019est eux qu\u2019il faut convaincre car c\u2019est \u00e0 eux qu\u2019il appartiendra de mener le combat (s\u2019ils sont convaincus qu\u2019il y va de leur int\u00e9r\u00eat) et de d\u00e9clencher un processus de ruptures v\u00e9ritables visant in fine \u00e0 mettre fin au pacte colonial, d\u00e9coloniser le pays, l\u2019Etat et les mentalit\u00e9s. On entame la d\u00e9colonisation par quelque bout que l\u2019on peut saisir. L\u2019effondrement du syst\u00e8me s\u2019acc\u00e9l\u00e9rant au fur et \u00e0 mesure de sa d\u00e9construction.<\/p>\n\n\n\n<p>Mais au-del\u00e0 des abstractions et autres th\u00e9ories macro\u00e9conomiques, il faut travailler sur des sc\u00e9narios et des \u00e9tudes de cas concrets. C\u2019est ce qui est attendu des \u00e9conomistes.<\/p>\n\n\n\n<p>Qu\u2019ils aillent parler aux commer\u00e7ants de Sandaga, futurs industriels potentiels de notre pays, et plancher sur des alternatives cr\u00e9dibles. Tout en faisant \u00e9merger le 1er d\u00e9put\u00e9 d\u00e9termin\u00e9 \u00e0 soumettre \u00e0 ses coll\u00e8gues une proposition de loi annon\u00e7ant la fin du Cfa. Faire bouger les lignes. Tout le temps.<\/p>\n\n\n\n<p>Quant aux Ongs et partis politiques progressistes, ils doivent imp\u00e9rativement articuler leur mobilisation avec leurs alter egos fran\u00e7ais et europ\u00e9ens pour plus d\u2019efficacit\u00e9.<\/p>\n\n\n\n<p>Je pense notamment aux organisations italiennes et allemandes qui ont une capacit\u00e9 d\u2019influence aupr\u00e8s de leurs gouvernements respectifs, gouvernements qui sont d\u00e9j\u00e0 sensibilis\u00e9s sur ce sujet. Si le Cfa\/Eco est un pi\u00e8tre pendant tropicalis\u00e9 de l\u2019Euro, les Europ\u00e9ens devraient avoir leur mot \u00e0 dire et se solidariser avec les peuples africains pris en otage par une Fran\u00e7afrique pr\u00e9datrice qui bafoue les valeurs europ\u00e9ennes. Mais commen\u00e7ons par exclure l\u2019Etat fran\u00e7ais de la conversation.<\/p>\n\n\n\n<p><strong>Par quoi on remplace le Cfa?<\/strong><\/p>\n\n\n\n<p>L\u2019Eco fran\u00e7ais est une diversion. Notre futur partag\u00e9, c\u2019est la monnaie CEDEAO en passant \u00e9ventuellement par nos monnaies nationales respectives. Le Cfa ne peut pas \u00eatre r\u00e9form\u00e9, il doit dispara\u00eetre et la tutelle fran\u00e7aise avec, et \u00eatre remplac\u00e9 par les diverses monnaies nationales ind\u00e9pendantes puis on s\u2019att\u00e8lera sereinement \u00e0 la mise en place de la monnaie r\u00e9gionale tout en demeurant vigilants face aux futures tentatives de sabotage.<\/p>\n\n\n\n<p>La CEDEAO a, sur papier du moins, chang\u00e9 de paradigme et remplac\u00e9 l\u2019approche institutionnelle de l\u2019int\u00e9gration r\u00e9gionale par une nouvelle approche dite de \u201cl\u2019int\u00e9gration des peuples par les peuples et pour les peuples\u201d. N\u00e9anmoins, la diplomatie des sommets continue avec sommets des chefs d\u2019Etats pr\u00e9c\u00e9d\u00e9s par des cConseils de ministres qui examinent des propositions et recommandations venant d\u2019experts de la r\u00e9gion et de consultants de la Banque mondiale et de la Commission Europ\u00e9enne porteurs du n\u00e9olib\u00e9ralisme ambiant. D\u2019o\u00f9 le mim\u00e9tisme observ\u00e9 dans l\u2019\u00e9volution de la CEDEAO. On copie l\u2019Union Europ\u00e9enne et on continue \u00e0 faire une int\u00e9gration sans les peuples.<\/p>\n\n\n\n<p>Une approche de l\u2019int\u00e9gration par les peuples voudrait que l\u2019on parte des populations plut\u00f4t que des Etats. D\u2019o\u00f9 ma question. En 2018 sur les 350 millions d\u2019habitants de la CEDEAO, 196 millions utilisent le naira (monnaie du Nigeria). Qu\u2019est-ce qui emp\u00eache qu\u2019on en \u00e9tende l\u2019utilisation au reste de la population de notre r\u00e9gion? Le CFA -ECO en Afrique de l\u2019Ouest est utilis\u00e9 par 120 millions de ressortissants des 8 ex colonies fran\u00e7aises. Pourquoi une monnaie fran\u00e7aise, minoritaire de surcro\u00eet devrait-elle servir de r\u00e9f\u00e9rant m\u00eame sous sa nouvelle appellation? Pourquoi le Nigeria ou le Ghana devraient-ils choisir de s\u2019assujettir \u00e0 cette \u201cservitude volontaire \u201c? Non. Qu\u2019on aille autour de la table chacun avec son drapeau et avec sa propre monnaie pour b\u00e2tir ensemble quelque chose de nouveau. Ensemble et sans tutelle.<\/p>\n\n\n\n<p>Maintenant, nous savons tous que la r\u00e9f\u00e9rence pour l\u2019Euro lors de sa mise en \u0153uvre \u00e9tait le Deutsche Mark adoss\u00e9 \u00e0 l\u2019\u00e9conomie la plus puissante d\u2019Europe. Et que le dollar am\u00e9ricain, monnaie de r\u00e9f\u00e9rence mondiale, est adoss\u00e9 \u00e0 l\u2019\u00e9conome la plus puissante de la plan\u00e8te. Le Nigeria est la 1ere puissance \u00e9conomique africaine. Son PIB s\u2019\u00e9levait en 2018 \u00e0 398 milliards de dollars am\u00e9ricains sur 614 milliards pour l\u2019ensemble de la CEDEAO (15 pays) et 291 milliards pour les 8 pays de l\u2019Uemoa pris ensemble. Ne serait-il pas logique que le naira soit une option sur la table lors des discussions sur le remplacement du CFA? Et nous savons aussi que le naira est indubitablement g\u00e9r\u00e9 de mani\u00e8re souveraine par la Banque du Nigeria. Une nouvelle Banque Centrale de la CEDEAO pourra b\u00e9n\u00e9ficier du panafricanisme sourcilleux de nos compatriotes du Nig\u00e9ria, Ghana, Gambie, Guin\u00e9e, pour faire du naira nouveau un outil de d\u00e9veloppement d\u00e9gag\u00e9 de toute tutelle coloniale. Vous imaginez l\u2019administration fran\u00e7aise d\u00e9cidant de d\u00e9valuer le naira? Et nous avons assez d\u2019or dans cette r\u00e9gion pour constituer des r\u00e9serves majestueuses pour notre nouvelle monnaie, r\u00e9serves qui pourraient \u00eatre centralis\u00e9es en attendant l\u2019unit\u00e9 mon\u00e9taire.<\/p>\n\n\n\n<p><strong>Qui a peur du Nigeria?<\/strong><\/p>\n\n\n\n<p>Ceci \u00e9tant, il est de notori\u00e9t\u00e9 publique que le Nigeria souffre d\u2019une gouvernance que nul ne saurait qualifier de performante. Mais si la monnaie devient r\u00e9gionale par la volont\u00e9 des Parlements nationaux et sans interf\u00e9rence ext\u00e9rieure, elle sera n\u00e9cessairement gouvern\u00e9e par un nouveau dispositif r\u00e9gional \u00e0 mettre en place y compris par une nouvelle Banque Centrale qui rel\u00e8vera de l\u2019autorit\u00e9 des 15 Etats partenaires se fixant comme priorit\u00e9s, enfin, le d\u00e9veloppement et l\u2019acc\u00e9l\u00e9ration de l\u2019int\u00e9gration politique \u00e9l\u00e9ments qui sont exclus des fameux crit\u00e8res de convergence autre vulgate du dogme n\u00e9olib\u00e9ral s\u2019il en est.<\/p>\n\n\n\n<p>N\u2019ayons pas peur du Nigeria! Ce sont nos voisins et nos fr\u00e8res. Nous sommes dans le m\u00eame camp. Nous partageons les m\u00eames ambitions et faisons face aux m\u00eames d\u00e9fis contrairement \u00e0 l\u2019ancienne puissance coloniale qui nous enserre dans une d\u00e9pendance structurelle mortif\u00e8re.<\/p>\n\n\n\n<p>Rappelons-nous que l\u2019ambition de l\u2019Etat fran\u00e7ais depuis les ann\u00e9es 60 a toujours \u00e9t\u00e9 de fragiliser et si possible d\u00e9membrer le Nigeria qu\u2019il consid\u00e9rait (et consid\u00e8re toujours) comme un rival en Afrique de l\u2019Ouest. Il a fourni armes mercenaires et soutiens logistiques aux rebelles du Biafra tout en instrumentalisant le soutien politique de Houphouet Boigny et Omar Bongo. Une guerre (1967-1970) qui a caus\u00e9 plus de 2 millions de morts et 4.500.000 d\u00e9plac\u00e9s et qui a plomb\u00e9 les ambitions de d\u00e9veloppement du Nigeria pendant des d\u00e9cennies. D\u00e9lib\u00e9r\u00e9ment. Quel camp choisissons nous? L\u2019UEMOA porte-voix de la France ou la CEDEAO avec le Nigeria et nos voisins?<\/p>\n\n\n\n<p><strong>Sortir du pr\u00e9 carr\u00e9<\/strong><\/p>\n\n\n\n<p>Car la vraie question est de savoir si nous avons confiance en nous et entre nous et si nous sommes apr\u00e8s 65 ans d\u2019ind\u00e9pendance &nbsp;pr\u00eats \u00e0 prendre en mains ensemble les leviers de notre destin\u00e9e commune? Sans tuteur. Comme 40 autres pays africains ayant une monnaie ind\u00e9pendante dont certaines sont bien g\u00e9r\u00e9es et d\u2019autres pas. Pourquoi une rupture de tutelle devrait-elle d\u2019ailleurs plonger la BCEAO dans une mauvaise gestion de notre future monnaie? Au contraire, cela donnerait la latitude aux chefs d\u2019Etats de d\u00e9terminer la vision et les strat\u00e9gies qui permettront \u00e0 la Banque Centrale de jouer le r\u00f4le historique que les populations sont en droit d\u2019attendre d\u2019elles \u00e0 savoir rendre possible le d\u00e9veloppement et l\u2019int\u00e9gration r\u00e9gionale. Les \u00e9lites fran\u00e7aises inform\u00e9es vous confirmeront sans ambages que l\u2019Afrique, c\u2019est l\u2019avenir de la France. Elles le r\u00e9p\u00e8tent \u00e0 l\u2019envi. Il convient donc pour elles de maintenir les liens coloniaux, quitte \u00e0 les \u201cfaire \u00e9voluer\u201d(sic).<\/p>\n\n\n\n<p>Les \u00e9lites africaines conscientes vous diront spontan\u00e9ment que la France c\u2019est le pass\u00e9 de l\u2019Afrique et que le pass\u00e9, \u00e7a suffit, le futur nous appartient. D\u00e9coloniser le futur passe par la r\u00e9cup\u00e9ration de notre autonomie intellectuelle et culturelle. Sans quoi nous ne serons jamais en mesure de nous d\u00e9fendre dans cette guerre \u00e9conomique mondiale qu\u2019on appelle globalisation. Nous serons tout au plus des auxiliaires et tirailleurs d\u2019un camp ou de l\u2019autre.<\/p>\n\n\n\n<p>Sounds familiar?<\/p>\n\n\n\n<p>Il est donc imp\u00e9ratif que tous les candidats \u00e0 l\u2019\u00e9lection pr\u00e9sidentielle du S\u00e9n\u00e9gal nous disent cat\u00e9goriquement et sans faux fuyants o\u00f9 ils se situent.<\/p>\n\n\n\n<p>1-L\u2019Article 67 de la Constitution s\u00e9n\u00e9galaise stipule qu\u2019il rel\u00e8ve de la pr\u00e9rogative de l\u2019Assembl\u00e9e nationale de d\u00e9terminer \u201cle r\u00e9gime d\u2019\u00e9mission de la monnaie \u201c.<\/p>\n\n\n\n<ol class=\"wp-block-list\" start=\"2\">\n<li>Le F Cfa a \u00e9t\u00e9 cr\u00e9\u00e9 par d\u00e9cret de l\u2019Etat fran\u00e7ais le 26 d\u00e9cembre 1945, il est g\u00e9r\u00e9 par une Banque Centrale \u00e9tablie par la France et dont le si\u00e8ge n\u2019a d\u00e9m\u00e9nag\u00e9 de Paris qu\u2019en 1979. Le taux de change de la monnaie est d\u00e9cid\u00e9 par le Ministre fran\u00e7ais des Finances de m\u00eame que le montant de la masse mon\u00e9taire et donc du cr\u00e9dit disponible. Sans parler de sa fabrication. Le Cfa est une monnaie fran\u00e7aise utilis\u00e9e par le pr\u00e9 carr\u00e9. La France en demeure le propri\u00e9taire l\u00e9gal.<\/li>\n\n\n\n<li>Pour m\u00e9moire, ce sont les chefs d\u2019Etat africains qui ont d\u00e9cid\u00e9! Un fusil sur la tempe! Comme au bon vieux temps!<\/li>\n\n\n\n<li>Il se dit que ce serait une exigence du FMI avant le passage \u00e0 l\u2019Eco.<\/li>\n<\/ol>\n\n\n\n<p><strong>Par Pierre San\u00e9 (Imagine Africa Institute.)<\/strong><\/p>\n","protected":false},"excerpt":{"rendered":"<p>L\u2019ann\u00e9e 2025 marquera le 65e anniversaire de l\u2019acc\u00e8s \u00e0 l\u2019ind\u00e9pendance des colonies fran\u00e7aises d\u2019Afrique. Beaucoup de comm\u00e9morations et de r\u00e9jouissances<\/p>\n","protected":false},"author":1,"featured_media":26693,"comment_status":"open","ping_status":"open","sticky":false,"template":"","format":"standard","meta":{"footnotes":""},"categories":[3],"tags":[],"class_list":["post-33151","post","type-post","status-publish","format-standard","has-post-thumbnail","hentry","category-event-more-news"],"_links":{"self":[{"href":"https:\/\/dekkbi.com\/index.php?rest_route=\/wp\/v2\/posts\/33151","targetHints":{"allow":["GET"]}}],"collection":[{"href":"https:\/\/dekkbi.com\/index.php?rest_route=\/wp\/v2\/posts"}],"about":[{"href":"https:\/\/dekkbi.com\/index.php?rest_route=\/wp\/v2\/types\/post"}],"author":[{"embeddable":true,"href":"https:\/\/dekkbi.com\/index.php?rest_route=\/wp\/v2\/users\/1"}],"replies":[{"embeddable":true,"href":"https:\/\/dekkbi.com\/index.php?rest_route=%2Fwp%2Fv2%2Fcomments&post=33151"}],"version-history":[{"count":1,"href":"https:\/\/dekkbi.com\/index.php?rest_route=\/wp\/v2\/posts\/33151\/revisions"}],"predecessor-version":[{"id":33152,"href":"https:\/\/dekkbi.com\/index.php?rest_route=\/wp\/v2\/posts\/33151\/revisions\/33152"}],"wp:featuredmedia":[{"embeddable":true,"href":"https:\/\/dekkbi.com\/index.php?rest_route=\/wp\/v2\/media\/26693"}],"wp:attachment":[{"href":"https:\/\/dekkbi.com\/index.php?rest_route=%2Fwp%2Fv2%2Fmedia&parent=33151"}],"wp:term":[{"taxonomy":"category","embeddable":true,"href":"https:\/\/dekkbi.com\/index.php?rest_route=%2Fwp%2Fv2%2Fcategories&post=33151"},{"taxonomy":"post_tag","embeddable":true,"href":"https:\/\/dekkbi.com\/index.php?rest_route=%2Fwp%2Fv2%2Ftags&post=33151"}],"curies":[{"name":"wp","href":"https:\/\/api.w.org\/{rel}","templated":true}]}}