{"id":33145,"date":"2024-03-20T11:33:15","date_gmt":"2024-03-20T11:33:15","guid":{"rendered":"https:\/\/dekkbi.com\/?p=33145"},"modified":"2024-03-20T11:35:16","modified_gmt":"2024-03-20T11:35:16","slug":"hyper-presidentialisme-reforme-des-institutions-et-renforcement-de-letat-de-droit-au-senegal-les-candidats-mis-au-defi","status":"publish","type":"post","link":"https:\/\/dekkbi.com\/?p=33145","title":{"rendered":"Hyper pr\u00e9sidentialisme, reforme des institutions et renforcement de l\u2019Etat de droit au S\u00e9n\u00e9gal : les candidats mis au d\u00e9fi"},"content":{"rendered":"\n<p><strong>Instaur\u00e9 par le pr\u00e9sident L\u00e9opold S\u00e9dar Senghor au lendemain de la crise de 1962,&nbsp;<\/strong><strong>l\u2019hyper-pr\u00e9sidentialisme, globalement ce syst\u00e8me pr\u00e9sidentiel marqu\u00e9 par la trop grande concentration de pouvoirs entre les mains du Chef de l\u2019Etat, est de nouveau rattrap\u00e9 par le d\u00e9bat politique dans le cadre de la campagne \u00e9lectorale en cours. En effet, avec la tentative avort\u00e9e de l\u2019actuel chef de l\u2019Etat et des d\u00e9put\u00e9s du groupe parlementaire du Parti d\u00e9mocratique s\u00e9n\u00e9galais (Pds) de reporter jusqu\u2019au 15 d\u00e9cembre prochaine la date de la pr\u00e9sidentielle du 24 mars initialement pr\u00e9vue le 25 f\u00e9vrier dernier, certains candidats sont partis en croisade contre le maintien de ce syst\u00e8me qui est de plus en plus d\u00e9cri\u00e9 par des organisations de la soci\u00e9t\u00e9 civile et des universitaires.<\/strong><\/p>\n\n\n\n<p>Le S\u00e9n\u00e9gal devrait-il tourner la page du syst\u00e8me pr\u00e9sidentiel instaur\u00e9 par le pr\u00e9sident L\u00e9opold S\u00e9dar Senghor au lendemain de la crise de 1962&nbsp;? S\u2019il est difficile de trancher cette question, force est de reconnaitre que tel un serpent de mer de la politique au S\u00e9n\u00e9gal qui ressurgit \u00e0 la veille de chaque \u00e9lection pr\u00e9sidentielle depuis 2012, le d\u00e9bat sur l\u2019hyper-pr\u00e9sidentialisme s\u2019invite \u00e0 nouveau dans la campagne \u00e9lectorale en cours pour la pr\u00e9sidentielle du 24 mars prochain. En effet, depuis le lancement de cette campagne \u00e9lectorale le 10 mars dernier, certains candidats en piste pour cette \u00e9lection, prenant la rel\u00e8ve des organisations de la soci\u00e9t\u00e9 civiles et des universitaires, agitent de plus en plus cette question de r\u00e9forme des institutions avec en toile de fond la r\u00e9duction des pouvoirs du pr\u00e9sident de la R\u00e9publique. Se basant sur la tentative avort\u00e9e de l\u2019actuel chef de l\u2019Etat et des d\u00e9put\u00e9s du groupe parlementaire du Parti d\u00e9mocratique s\u00e9n\u00e9galais (Pds) de reporter jusqu\u2019au 15 d\u00e9cembre prochain la date de la pr\u00e9sidentielle du 24 mars initialement pr\u00e9vue le 25 f\u00e9vrier dernier, ces candidats d\u00e9noncent les limites de ce syst\u00e8me instaur\u00e9 par le premier pr\u00e9sident de la R\u00e9publique du S\u00e9n\u00e9gal, feu L\u00e9opold S\u00e9dar Senghor au lendemain de la crise de 1962. En effet, selon eux, ce mode de gouvernance fragilise les institutions au profit du pr\u00e9sident qui concentre l\u2019essentiel des pouvoirs.<\/p>\n\n\n\n<p>Parmi eux, nous pouvons citer le candidat de la coalition Tekki 2024, Mamadou Lamine Diallo. Dans le pilier 2 intitul\u00e9 : \u00ab R\u00e9concilier le S\u00e9n\u00e9galais avec ses Institutions \u00bb de son programme de gouvernance d\u00e9nomm\u00e9 \u00ab Agenda de redressement national du S\u00e9n\u00e9gal \u00bb, le candidat de la coalition Tekki 2024 s\u2019engage s\u2019il est \u00e9lu \u00e0 proposer d\u00e8s sa prise de fonction des reformes bas\u00e9es sur le mod\u00e8le des Assises nationales et la Commission nationale de r\u00e9forme des institutions (Cnri) pour arriver \u00e0 un r\u00e9\u00e9quilibrage des pouvoirs entre les institutions de la R\u00e9publique. \u00ab&nbsp;Il nous faut renforcer le mod\u00e8le d\u00e9mocratique s\u00e9n\u00e9galais en r\u00e9duisant les pouvoirs du pr\u00e9sident de la R\u00e9publique, et en r\u00e9\u00e9quilibrant les pouvoirs \u00e0 la fois l\u00e9gislatif, ex\u00e9cutif et judiciaire.&nbsp;On a vu ce que \u00e7a donne d\u2019avoir un pr\u00e9sidentialisme absolu, avec les difficult\u00e9s que nous avons eu pour pouvoir aller \u00e0 l\u2019\u00e9lection pr\u00e9sidentielle&nbsp;: le fameux coup d\u2019\u00c9tat constitutionnel du 3 f\u00e9vrier du pr\u00e9sident Macky Sall&nbsp;\u00bb, a d\u00e9clar\u00e9 Mamadou Lamine Diallo en faisant r\u00e9f\u00e9rence \u00e0 l\u2019abrogation du d\u00e9cret convoquant le corps \u00e9lectoral par le chef de l\u2019Etat \u00e0 l\u2019origine du chamboulement du processus \u00e9lectoral en cours.<\/p>\n\n\n\n<p>Outre le candidat de la coalition Tekki 2024, celui de la coalition \u00ab&nbsp;Khalifa Pr\u00e9sident&nbsp;\u00bb, Khalifa Ababacar Sall semble \u00e9galement dans cette dynamique. La preuve, lors de son passage dans la Petite c\u00f4te (d\u00e9partement de Mbour), l\u2019ancien maire de Dakar a clairement affirm\u00e9 son intention s\u2019il est \u00e9lu de \u00ab&nbsp;mettre en place des institutions fortes pour que n\u2019importe quel pr\u00e9sident de la R\u00e9publique ne puisse les utiliser pour combattre des adversaires&nbsp;\u00bb en se r\u00e9f\u00e9rant sur le mod\u00e8le des Assises nationales. Autre candidat qui s\u2019est \u00e9galement engag\u00e9 en faveur des r\u00e9formes pour en finir avec l\u2019hyper-pr\u00e9sidentialisme, le candidat Bassirou Diomaye Faye. Lors de la conf\u00e9rence de presse de pr\u00e9sentation de son programme politique qu\u2019il a co-anim\u00e9e avec son ami et leader, Ousmane Sonko, le candidat de la coalition \u00ab&nbsp;Diomaye pr\u00e9sident&nbsp;\u00bb a fait part de son intention de mettre fin \u00e0 ce syst\u00e8me \u00ab&nbsp;dommageable pour l\u2019\u00e9conomie, la paix et la stabilit\u00e9 du pays&nbsp;\u00bb. C\u2019est ainsi qu\u2019il a annonc\u00e9 des r\u00e9formes qui devraient aboutir \u00e0 la suppression de la Primature et l\u2019instauration d\u2019un poste de vice-pr\u00e9sident dont l\u2019occupant devrait \u00eatre \u00ab\u00e9lu en tandem avec le pr\u00e9sident de la R\u00e9publique\u00bb lors de la pr\u00e9sidentielle de 2029.<\/p>\n\n\n\n<p><strong>NANDO CABRAL GOMIS<\/strong><\/p>\n\n\n\n<p>SUDQUOTIDIEN<\/p>\n","protected":false},"excerpt":{"rendered":"<p>Instaur\u00e9 par le pr\u00e9sident L\u00e9opold S\u00e9dar Senghor au lendemain de la crise de 1962,&nbsp;l\u2019hyper-pr\u00e9sidentialisme, globalement ce syst\u00e8me pr\u00e9sidentiel marqu\u00e9 par<\/p>\n","protected":false},"author":1,"featured_media":33146,"comment_status":"open","ping_status":"open","sticky":false,"template":"","format":"standard","meta":{"footnotes":""},"categories":[6],"tags":[],"class_list":["post-33145","post","type-post","status-publish","format-standard","has-post-thumbnail","hentry","category-politics"],"_links":{"self":[{"href":"https:\/\/dekkbi.com\/index.php?rest_route=\/wp\/v2\/posts\/33145","targetHints":{"allow":["GET"]}}],"collection":[{"href":"https:\/\/dekkbi.com\/index.php?rest_route=\/wp\/v2\/posts"}],"about":[{"href":"https:\/\/dekkbi.com\/index.php?rest_route=\/wp\/v2\/types\/post"}],"author":[{"embeddable":true,"href":"https:\/\/dekkbi.com\/index.php?rest_route=\/wp\/v2\/users\/1"}],"replies":[{"embeddable":true,"href":"https:\/\/dekkbi.com\/index.php?rest_route=%2Fwp%2Fv2%2Fcomments&post=33145"}],"version-history":[{"count":1,"href":"https:\/\/dekkbi.com\/index.php?rest_route=\/wp\/v2\/posts\/33145\/revisions"}],"predecessor-version":[{"id":33147,"href":"https:\/\/dekkbi.com\/index.php?rest_route=\/wp\/v2\/posts\/33145\/revisions\/33147"}],"wp:featuredmedia":[{"embeddable":true,"href":"https:\/\/dekkbi.com\/index.php?rest_route=\/wp\/v2\/media\/33146"}],"wp:attachment":[{"href":"https:\/\/dekkbi.com\/index.php?rest_route=%2Fwp%2Fv2%2Fmedia&parent=33145"}],"wp:term":[{"taxonomy":"category","embeddable":true,"href":"https:\/\/dekkbi.com\/index.php?rest_route=%2Fwp%2Fv2%2Fcategories&post=33145"},{"taxonomy":"post_tag","embeddable":true,"href":"https:\/\/dekkbi.com\/index.php?rest_route=%2Fwp%2Fv2%2Ftags&post=33145"}],"curies":[{"name":"wp","href":"https:\/\/api.w.org\/{rel}","templated":true}]}}