{"id":33143,"date":"2024-03-20T11:30:34","date_gmt":"2024-03-20T11:30:34","guid":{"rendered":"https:\/\/dekkbi.com\/?p=33143"},"modified":"2024-03-20T11:30:34","modified_gmt":"2024-03-20T11:30:34","slug":"lena-sene-sexplique-pourquoi-jai-choisi-bassirou-diomaye","status":"publish","type":"post","link":"https:\/\/dekkbi.com\/?p=33143","title":{"rendered":"L\u00e9na S\u00e8ne s\u2019explique : \u00abPourquoi j\u2019ai choisi Bassirou Diomaye\u00bb"},"content":{"rendered":"\n<p>iGFM &#8211; (Dakar) \u00c0 quelques jours du scrutin pr\u00e9sidentiel, l\u2019heure est aux alliances. L\u00e9na S\u00e8ne, qui \u00e9tait avec Karim Wade, a d\u00e9cid\u00e9 de s\u2019engager aupr\u00e8s du candidat Bassirou Diomaye Faye. Elle s&rsquo;est expliqu\u00e9e sur les raisons de ce choix dans une tribune que nous vous proposons ci-dessous.<\/p>\n\n\n\n<p>\u00abChers compatriotes et camarades partageant avec nous &nbsp;les m\u00eames convictions et aspirations &nbsp;pour l&rsquo;\u00e9mergence d&rsquo;une r\u00e9publique forte qui se consolide \u00e0 travers une synergie d&rsquo;\u00e9quipe inclusive.<br><br>Il est aujourd&rsquo;hui heureux de voir que cette constance qui est la n\u00f4tre, est appr\u00e9ci\u00e9e et partag\u00e9e sans r\u00e9serve par diff\u00e9rentes coalitions politiques, dont la coalition \u00ab\u00a0Diomaye Pr\u00e9sident\u00a0\u00bb, qui a humblement souhait\u00e9 s&rsquo;associer \u00e0 notre d\u00e9marche.<br><br>Le contexte politique du moment, nous amenant, (apr\u00e8s m\u00fbre r\u00e9flexion), \u00e0 prendre une d\u00e9cision forte qui met en exergue, la pr\u00e9servation de l&rsquo;int\u00e9r\u00eat sup\u00e9rieur de notre cher pays, je vous annonce qu\u2019\u00e0 la faveur d&rsquo;\u00e9changes sur des questions de fond relatives \u00e0 une gestion plus int\u00e8gre et r\u00e9publicaine du pays, j\u2019ai \u00e9t\u00e9 heureuse de r\u00e9aliser que nos aspirations d\u2019un S\u00e9n\u00e9gal debout et prosp\u00e8re &nbsp;sont bien prises en compte dans leur offre programmatique, en tout cas une bonne partie de ce qui m\u2019avait motiv\u00e9e \u00e0 dire \u00ab oui \u00bb \u00e0 un autre candidat finalement invalid\u00e9.<br><br>En cons\u00e9quence je vous annonce que j&rsquo;ai r\u00e9pondu favorablement \u00e0 l\u2019appel de : Bassirou Diomaye Faye et de Ousmane Sonko.<br><br>Je m\u2019investis d\u00e9sormais avec conviction, (comme toujours), dans \u00ab\u00a0Diomaye President\u00a0\u00bb pour une victoire \u00e9clatante au soir du 24 mars 2024.\u00bb<\/p>\n","protected":false},"excerpt":{"rendered":"<p>iGFM &#8211; (Dakar) \u00c0 quelques jours du scrutin pr\u00e9sidentiel, l\u2019heure est aux alliances. L\u00e9na S\u00e8ne, qui \u00e9tait avec Karim Wade,<\/p>\n","protected":false},"author":1,"featured_media":16038,"comment_status":"open","ping_status":"open","sticky":false,"template":"","format":"standard","meta":{"footnotes":""},"categories":[21],"tags":[],"class_list":["post-33143","post","type-post","status-publish","format-standard","has-post-thumbnail","hentry","category-societe"],"_links":{"self":[{"href":"https:\/\/dekkbi.com\/index.php?rest_route=\/wp\/v2\/posts\/33143","targetHints":{"allow":["GET"]}}],"collection":[{"href":"https:\/\/dekkbi.com\/index.php?rest_route=\/wp\/v2\/posts"}],"about":[{"href":"https:\/\/dekkbi.com\/index.php?rest_route=\/wp\/v2\/types\/post"}],"author":[{"embeddable":true,"href":"https:\/\/dekkbi.com\/index.php?rest_route=\/wp\/v2\/users\/1"}],"replies":[{"embeddable":true,"href":"https:\/\/dekkbi.com\/index.php?rest_route=%2Fwp%2Fv2%2Fcomments&post=33143"}],"version-history":[{"count":1,"href":"https:\/\/dekkbi.com\/index.php?rest_route=\/wp\/v2\/posts\/33143\/revisions"}],"predecessor-version":[{"id":33144,"href":"https:\/\/dekkbi.com\/index.php?rest_route=\/wp\/v2\/posts\/33143\/revisions\/33144"}],"wp:featuredmedia":[{"embeddable":true,"href":"https:\/\/dekkbi.com\/index.php?rest_route=\/wp\/v2\/media\/16038"}],"wp:attachment":[{"href":"https:\/\/dekkbi.com\/index.php?rest_route=%2Fwp%2Fv2%2Fmedia&parent=33143"}],"wp:term":[{"taxonomy":"category","embeddable":true,"href":"https:\/\/dekkbi.com\/index.php?rest_route=%2Fwp%2Fv2%2Fcategories&post=33143"},{"taxonomy":"post_tag","embeddable":true,"href":"https:\/\/dekkbi.com\/index.php?rest_route=%2Fwp%2Fv2%2Ftags&post=33143"}],"curies":[{"name":"wp","href":"https:\/\/api.w.org\/{rel}","templated":true}]}}