{"id":3313,"date":"2022-11-15T12:31:26","date_gmt":"2022-11-15T12:31:26","guid":{"rendered":"https:\/\/dekkbi.com\/?p=3313"},"modified":"2022-11-15T12:33:20","modified_gmt":"2022-11-15T12:33:20","slug":"sommet-de-bali-macky-veut-un-siege-pour-lafrique-au-g20","status":"publish","type":"post","link":"https:\/\/dekkbi.com\/?p=3313","title":{"rendered":"Sommet de Bali : Macky veut un si\u00e8ge pour l\u2019Afrique au G20"},"content":{"rendered":"\n<p><strong>Le chef de l\u2019Etat veut que l\u2019Afrique occupe une place importante dans les grandes instances du monde. Macky Sall, qui prend part au Sommet du G20 qui se d\u00e9roule en Indon\u00e9sie, a pris son initiative personnelle pour plaider afin qu\u2019un si\u00e8ge permanent soit accord\u00e9 \u00e0 l\u2019Afrique au sein du G20.<\/strong><\/p>\n\n\n\n<p><strong>Par Dieynaba KANE<\/strong>&nbsp;\u2013 A la 17\u00e8me session du sommet du G20 qui se d\u00e9roule \u00e0 Bali en Indon\u00e9sie, Macky Sall va plaider pour qu\u2019un si\u00e8ge de membre permanent soit attribu\u00e9 \u00e0 l\u2019Afrique. Le chef de l\u2019Etat, qui va r\u00e9pondre \u00e0 l\u2019invitation de son homologue indon\u00e9sien, Joko Widodo, \u00e0 cette rencontre pr\u00e9vue \u00e0 Bali les 15 et 16 novembre 2022 sur le th\u00e8me \u00abSe relever ensemble, se relever plus fort\u00bb, estime que l\u2019Afrique ne doit plus \u00ab\u00eatre une invit\u00e9e permanente\u00bb. Dans un document de la pr\u00e9sidence de la R\u00e9publique, il est pr\u00e9cis\u00e9 que c\u2019est une initiative personnelle de M. Sall. Et les auteurs du document d\u2019expliquer la pertinence de cette d\u00e9marche : \u00abIl sied de saluer la justesse de cette vision puisqu\u2019il nous semble inacceptable que le continent africain, vu la taille de sa population et son poids \u00e9conomique global, soit absent de l\u2019instance o\u00f9 se discutent les questions relatives \u00e0 la gouvernance \u00e9conomique mondiale m\u00eame si, au plan individuel, un pays du continent, l\u2019Afrique du Sud, fait partie du cercle restreint des vingt \u00e9conomies les plus performantes du monde.\u00bb<\/p>\n\n\n\n<p>Dans son plaidoyer, renseigne le service communication de la Pr\u00e9sidence, le chef de l\u2019Etat va appeler aussi \u00ab\u00e0 davantage de solidarit\u00e9 internationale sur les questions li\u00e9es \u00e0 la relance post-Covid19, \u00e0 la r\u00e9allocation des droits de tirage sp\u00e9ciaux, \u00e0 la s\u00e9curit\u00e9 alimentaire, \u00e0 la suspension ou au r\u00e9\u00e9chelonnement de la dette\u00bb. Tout cela, souligne-t-il, \u00abdans un contexte g\u00e9opolitique international encore marqu\u00e9 par la pand\u00e9mie du Covid-19 ainsi que la situation conflictuelle en Ukraine avec ses cons\u00e9quences d\u00e9sastreuses sur l\u2019approvisionnement du march\u00e9 mondial et la flamb\u00e9e subs\u00e9quente des prix de denr\u00e9es alimentaires essentielles, des fertilisants et des combustibles\u00bb.<\/p>\n\n\n\n<p>Lors de cette rencontre, qui va r\u00e9unir les leaders du Groupe des dix-neuf pays les plus riches de la plan\u00e8te et l\u2019Union europ\u00e9enne, Macky Sall, en sa qualit\u00e9 de pr\u00e9sident en exercice de l\u2019Union africaine, \u00abportera naturellement la voix de l\u2019Afrique \u00e0 cette tribune sur les d\u00e9fis qui interpellent le continent et son organisation r\u00e9gionale\u00bb.<\/p>\n\n\n\n<p><br><strong>dkane@lequotidien.sn<\/strong><\/p>\n\n\n\n<p><a href=\"https:\/\/lequotidien.sn\/author\/aicha\/\"><\/a><\/p>\n","protected":false},"excerpt":{"rendered":"<p>Le chef de l\u2019Etat veut que l\u2019Afrique occupe une place importante dans les grandes instances du monde. Macky Sall, qui<\/p>\n","protected":false},"author":1,"featured_media":3314,"comment_status":"open","ping_status":"open","sticky":false,"template":"","format":"standard","meta":{"footnotes":""},"categories":[6],"tags":[],"class_list":["post-3313","post","type-post","status-publish","format-standard","has-post-thumbnail","hentry","category-politics"],"_links":{"self":[{"href":"https:\/\/dekkbi.com\/index.php?rest_route=\/wp\/v2\/posts\/3313","targetHints":{"allow":["GET"]}}],"collection":[{"href":"https:\/\/dekkbi.com\/index.php?rest_route=\/wp\/v2\/posts"}],"about":[{"href":"https:\/\/dekkbi.com\/index.php?rest_route=\/wp\/v2\/types\/post"}],"author":[{"embeddable":true,"href":"https:\/\/dekkbi.com\/index.php?rest_route=\/wp\/v2\/users\/1"}],"replies":[{"embeddable":true,"href":"https:\/\/dekkbi.com\/index.php?rest_route=%2Fwp%2Fv2%2Fcomments&post=3313"}],"version-history":[{"count":1,"href":"https:\/\/dekkbi.com\/index.php?rest_route=\/wp\/v2\/posts\/3313\/revisions"}],"predecessor-version":[{"id":3315,"href":"https:\/\/dekkbi.com\/index.php?rest_route=\/wp\/v2\/posts\/3313\/revisions\/3315"}],"wp:featuredmedia":[{"embeddable":true,"href":"https:\/\/dekkbi.com\/index.php?rest_route=\/wp\/v2\/media\/3314"}],"wp:attachment":[{"href":"https:\/\/dekkbi.com\/index.php?rest_route=%2Fwp%2Fv2%2Fmedia&parent=3313"}],"wp:term":[{"taxonomy":"category","embeddable":true,"href":"https:\/\/dekkbi.com\/index.php?rest_route=%2Fwp%2Fv2%2Fcategories&post=3313"},{"taxonomy":"post_tag","embeddable":true,"href":"https:\/\/dekkbi.com\/index.php?rest_route=%2Fwp%2Fv2%2Ftags&post=3313"}],"curies":[{"name":"wp","href":"https:\/\/api.w.org\/{rel}","templated":true}]}}