{"id":33128,"date":"2024-03-20T10:57:41","date_gmt":"2024-03-20T10:57:41","guid":{"rendered":"https:\/\/dekkbi.com\/?p=33128"},"modified":"2024-03-20T12:07:14","modified_gmt":"2024-03-20T12:07:14","slug":"letat-nexclut-pas-de-ceder-tout-le-quota-des-pelerins-aux-prives-mankeur-ndiaye","status":"publish","type":"post","link":"https:\/\/dekkbi.com\/?p=33128","title":{"rendered":"L\u2019Etat n\u2019exclut pas de c\u00e9der tout le quota des p\u00e8lerins aux priv\u00e9s"},"content":{"rendered":"\n<p>Dakar,  (APS) \u2013 Le ministre des Affaires \u00e9trang\u00e8res et des S\u00e9n\u00e9galais de l\u2019ext\u00e9rieur a affirm\u00e9 mardi, qu\u2019il n\u2019\u00e9tait pas exclu de c\u00e9der aux voyagistes priv\u00e9s tout le quota des p\u00e8lerins au Hajj allou\u00e9 \u00e0 l\u2019Etat.<\/p>\n\n\n\n<p>Mankeur Ndiaye s\u2019exprimait lors d\u2019une visite \u00e0 l\u2019A\u00e9rogare des p\u00e8lerins de l\u2019a\u00e9roport L\u00e9opold S\u00e9dar Senghor de Yoff pour faire le point sur les pr\u00e9paratifs de l\u2019\u00e9dition 2024 du p\u00e8lerinage \u00e0 la Mecque.<\/p>\n\n\n\n<p>\u2018\u2019Tr\u00e8s t\u00f4t, le pr\u00e9sident avait pens\u00e9 qu\u2019il fallait tout faire pour donner le maximum de quota aux priv\u00e9s et si le priv\u00e9 peut mieux faire ou faire autant que l\u2019Etat, mieux vaut que l\u2019Etat se d\u00e9siste au profit du priv\u00e9\u2019\u2019, a-t-il d\u00e9clar\u00e9.<\/p>\n\n\n\n<p>Il a affirm\u00e9 qu\u2019il y a une \u00e9volution des quotas allou\u00e9s au priv\u00e9 ces derni\u00e8res ann\u00e9es.<\/p>\n\n\n\n<p>\u2018\u2019Aujourd\u2019hui le quota est \u00e0 pr\u00e8s de 1860 pour l\u2019Etat et 11 mille pour le priv\u00e9 alors qu\u2019avant c\u2019\u00e9tait compl\u00e8tement l\u2019inverse\u2019\u2019, a fait savoir M. Ndiaye ajoutant qu\u2019il \u2018\u2019n\u2019est pas exclu que le priv\u00e9 se saisisse de tout le quota allou\u00e9 \u00e0 l\u2019Etat par l\u2019Arabie-Saoudite\u201d.<\/p>\n\n\n\n<p>Le ministre des Affaires \u00e9trang\u00e8res et des S\u00e9n\u00e9galais de l\u2019ext\u00e9rieur a aussi f\u00e9licit\u00e9 la d\u00e9l\u00e9gation g\u00e9n\u00e9rale au p\u00e8lerinage.<\/p>\n\n\n\n<p>\u2018\u2019Je suis tr\u00e8s satisfait et tr\u00e8s rassur\u00e9 de la visite que je viens d\u2019effectuer et le pr\u00e9sident de la R\u00e9publique a eu raison de r\u00e9former le commissariat au p\u00e8lerinage, transform\u00e9 en d\u00e9l\u00e9gation g\u00e9n\u00e9rale au p\u00e8lerinage; et depuis lors, les choses ont \u00e9volu\u00e9 positivement\u2019\u2019, a-t-il indiqu\u00e9.<\/p>\n\n\n\n<p>\u2018\u2019C\u2019est avec plaisir que nous entendons le ministre reparler de la privatisation du Hajj et aussi savoir que nous avons le soutien de la tutelle car nous nous battons au quotidien pour offrir un service de qualit\u00e9\u2019\u2019, a salu\u00e9 Hour\u00e8ye Thiam Preira, porte-parole du jour des voyagistes priv\u00e9s du S\u00e9n\u00e9gal.<\/p>\n\n\n\n<p>Elle a not\u00e9 des particularit\u00e9s dans l\u2019\u00e9dition 2024 du Hajj avec \u2018\u2019des innovations\u2019\u2019.<\/p>\n\n\n\n<p>\u2018\u2019Les visites d\u2019aptitude se font dans toutes les r\u00e9gions du S\u00e9n\u00e9gal et le service des passeports a aussi d\u00e9centralis\u00e9 le bureau de production des passeports\u2019\u2019, a-t-elle soulign\u00e9.<\/p>\n\n\n\n<p>Selon Houreye Thiam Preira, toutes les difficult\u00e9s \u2018\u2019ont \u00e9t\u00e9 mises sur la table\u2019\u2019 et des \u2018\u2019solutions ont \u00e9t\u00e9 trouv\u00e9es\u2019\u2019 entre les priv\u00e9s et l\u2019Etat.<\/p>\n\n\n\n<p>Elle a aussi approuv\u00e9 la d\u00e9cision de prolonger la date de cl\u00f4ture des inscriptions. En effet, pr\u00e9vue le 15 mars, elle a \u00e9t\u00e9 prolong\u00e9e jusqu\u2019au 31 mars 2024 par la d\u00e9l\u00e9gation g\u00e9n\u00e9rale au p\u00e8lerinage.<\/p>\n\n\n\n<p>Le 1er vol est pr\u00e9vu le 27 mai et le dernier vol le 30 mai pour l\u2019aller. Pour le retour, le 1er vol est pr\u00e9vu le 22 juin et dernier vol le 25 juin, selon les organisateurs.<\/p>\n\n\n\n<p>Ces derniers font \u00e9galement savoir que les compagnies a\u00e9riennes retenues sont Air S\u00e9n\u00e9gal et Flynas avec, pour chacune, 50% du quota.<\/p>\n\n\n\n<p>Ils ont rappel\u00e9 qu\u2019Air S\u00e9n\u00e9gal participe pour la premi\u00e8re fois au transport des p\u00e8lerins.<\/p>\n","protected":false},"excerpt":{"rendered":"<p>Dakar, (APS) \u2013 Le ministre des Affaires \u00e9trang\u00e8res et des S\u00e9n\u00e9galais de l\u2019ext\u00e9rieur a affirm\u00e9 mardi, qu\u2019il n\u2019\u00e9tait pas exclu<\/p>\n","protected":false},"author":1,"featured_media":33129,"comment_status":"open","ping_status":"open","sticky":false,"template":"","format":"standard","meta":{"footnotes":""},"categories":[3],"tags":[],"class_list":["post-33128","post","type-post","status-publish","format-standard","has-post-thumbnail","hentry","category-event-more-news"],"_links":{"self":[{"href":"https:\/\/dekkbi.com\/index.php?rest_route=\/wp\/v2\/posts\/33128","targetHints":{"allow":["GET"]}}],"collection":[{"href":"https:\/\/dekkbi.com\/index.php?rest_route=\/wp\/v2\/posts"}],"about":[{"href":"https:\/\/dekkbi.com\/index.php?rest_route=\/wp\/v2\/types\/post"}],"author":[{"embeddable":true,"href":"https:\/\/dekkbi.com\/index.php?rest_route=\/wp\/v2\/users\/1"}],"replies":[{"embeddable":true,"href":"https:\/\/dekkbi.com\/index.php?rest_route=%2Fwp%2Fv2%2Fcomments&post=33128"}],"version-history":[{"count":2,"href":"https:\/\/dekkbi.com\/index.php?rest_route=\/wp\/v2\/posts\/33128\/revisions"}],"predecessor-version":[{"id":33150,"href":"https:\/\/dekkbi.com\/index.php?rest_route=\/wp\/v2\/posts\/33128\/revisions\/33150"}],"wp:featuredmedia":[{"embeddable":true,"href":"https:\/\/dekkbi.com\/index.php?rest_route=\/wp\/v2\/media\/33129"}],"wp:attachment":[{"href":"https:\/\/dekkbi.com\/index.php?rest_route=%2Fwp%2Fv2%2Fmedia&parent=33128"}],"wp:term":[{"taxonomy":"category","embeddable":true,"href":"https:\/\/dekkbi.com\/index.php?rest_route=%2Fwp%2Fv2%2Fcategories&post=33128"},{"taxonomy":"post_tag","embeddable":true,"href":"https:\/\/dekkbi.com\/index.php?rest_route=%2Fwp%2Fv2%2Ftags&post=33128"}],"curies":[{"name":"wp","href":"https:\/\/api.w.org\/{rel}","templated":true}]}}