{"id":33125,"date":"2024-03-20T10:51:58","date_gmt":"2024-03-20T10:51:58","guid":{"rendered":"https:\/\/dekkbi.com\/?p=33125"},"modified":"2024-03-20T10:51:58","modified_gmt":"2024-03-20T10:51:58","slug":"mbacke-boubacar-camara-promet-de-reorganiser-la-vie-a-touba-par-une-loi-dorientation","status":"publish","type":"post","link":"https:\/\/dekkbi.com\/?p=33125","title":{"rendered":"Mback\u00e9: Boubacar Camara promet de r\u00e9organiser la vie \u00e0 Touba par une loi d\u2019orientation"},"content":{"rendered":"\n<p>Mback\u00e9,  (APS) \u2013 Boubacar Camara, pr\u00e9sident du Parti de la construction et de la solidarit\u00e9 \u2013 \u201dJengu Tabax\u201d, candidat \u00e0 l\u2019\u00e9lection pr\u00e9sidentielle du 24 mars, a promis, mardi, \u00e0 Mback\u00e9 (centre), de r\u00e9organiser la vie \u00e0 Touba par la mise en place d\u2019une loi d\u2019orientation sur les questions religieuses et culturelles.<\/p>\n\n\n\n<p>\u201dNous allons r\u00e9organiser la vie \u00e0 Touba qui traine avec les probl\u00e8mes d\u2019eau , de l\u2019\u00e9nergie et de la s\u00e9curit\u00e9 entre autres (\u2026). Une loi d\u2019orientation sur les questions religieuses et culturelles sera mise en place\u201d, a-t-il expliqu\u00e9 au conseil communal de la jeunesse de Mback\u00e9 devant ses militants venus nombreux.<\/p>\n\n\n\n<p>Il a assur\u00e9 qu\u2019il va faire cette proposition de loi \u00e0 toutes les familles religieuses du S\u00e9n\u00e9gal, pr\u00e9cisant que cette loi a pr\u00e9vu un \u201dstatut sp\u00e9cial\u201d pour le p\u00e9rim\u00e8tre de Touba symbolis\u00e9 par la propre famille du p\u00e8re fondateur du mouridisme, Serigne Touba. Selon lui, les nouvelles habitations qui gravitent aux environs de Touba seront d\u00e9coup\u00e9es en commune de droits communs. \u201dDe toute fa\u00e7on nous engagerons, bien avant, des discussions pour voir les modalit\u00e9s d\u2019y parvenir \u201d, a-t-il avanc\u00e9.<\/p>\n\n\n\n<p>Le candidat Boubacar Camara compte investir les moyens n\u00e9cessaires pour r\u00e9gler le probl\u00e8me de l\u2019inondation et de fa\u00e7on g\u00e9n\u00e9rale de l\u2019assainissement \u00e0 Touba qui a \u201dune importance capitale par rapport \u00e0 l\u2019\u00e9conomie du pays\u201d.<\/p>\n\n\n\n<p>Le consultant international a promis de \u201dl\u2019eau \u00e0 gogo\u201d \u00e0 Touba et \u00e0 travers le pays. Il s\u2019est \u00e9galement engag\u00e9 \u00e0 moderniser les march\u00e9s. \u201dNous allons les organiser, les s\u00e9curiser en permettant aux sapeurs pompiers de pouvoir agir en cas d\u2019incendie par exemple\u201d, a-t-il dit, promettant de lutter contre le \u201dbricolage\u201d de l\u2019\u00e9lectricit\u00e9 dans les march\u00e9s de Touba et Mback\u00e9.<\/p>\n\n\n\n<p>Selon lui, les h\u00f4pitaux seront organis\u00e9s et leurs plateaux m\u00e9dicaux renforcer pour faire de Touba une ville moderne. A cela, il ajoute \u201dle tourisme religieux\u201d pour lequel il promet la mise sur pied d\u2019un \u201dcircuit touristique \u201davec des guides qui vont accompagner les visiteurs et qui vont leur expliquer l\u2019histoire de Serigne Touba, de son disciple Mame Cheikh Ibrahima Fall ainsi que celle des lieux symboliques du mouridisme.<\/p>\n\n\n\n<p>\u201dNous voulons que Touba soit une ville dite \u201dbaytil Nouri\u201d, de lumi\u00e8re qui sera caract\u00e9ris\u00e9e par le savoir \u201d, a-t-il d\u00e9clar\u00e9 se disant convaincu que \u201dTouba l\u2019est d\u00e9j\u00e0\u201d mais qu\u2019ils vont le poursuivre avec l\u2019apprentissage dans les Daaras (\u00e9coles coraniques) pour lesquelles les ma\u00eetres coraniques seront pris en charge au m\u00eame pied que les autres enseignants issus de l\u2019\u00e9cole fran\u00e7aise.<\/p>\n\n\n\n<p>De plus, le Candidat Boubacar Camara a manifest\u00e9 son intention de moderniser et de r\u00e9fectionner pour permettre aux enfants de travailler dans de bonnes conditions. \u201dDans mon programme nous avons pr\u00e9vu 26 milliards de francs CFA pour assurer la s\u00e9curit\u00e9 de la ville de Touba, du S\u00e9n\u00e9gal en entier et celle de nos fronti\u00e8res\u201d, a-t-il indiqu\u00e9.<\/p>\n\n\n\n<p>AN\/ADC<\/p>\n","protected":false},"excerpt":{"rendered":"<p>Mback\u00e9, (APS) \u2013 Boubacar Camara, pr\u00e9sident du Parti de la construction et de la solidarit\u00e9 \u2013 \u201dJengu Tabax\u201d, candidat \u00e0<\/p>\n","protected":false},"author":1,"featured_media":33126,"comment_status":"open","ping_status":"open","sticky":false,"template":"","format":"standard","meta":{"footnotes":""},"categories":[6],"tags":[],"class_list":["post-33125","post","type-post","status-publish","format-standard","has-post-thumbnail","hentry","category-politics"],"_links":{"self":[{"href":"https:\/\/dekkbi.com\/index.php?rest_route=\/wp\/v2\/posts\/33125","targetHints":{"allow":["GET"]}}],"collection":[{"href":"https:\/\/dekkbi.com\/index.php?rest_route=\/wp\/v2\/posts"}],"about":[{"href":"https:\/\/dekkbi.com\/index.php?rest_route=\/wp\/v2\/types\/post"}],"author":[{"embeddable":true,"href":"https:\/\/dekkbi.com\/index.php?rest_route=\/wp\/v2\/users\/1"}],"replies":[{"embeddable":true,"href":"https:\/\/dekkbi.com\/index.php?rest_route=%2Fwp%2Fv2%2Fcomments&post=33125"}],"version-history":[{"count":1,"href":"https:\/\/dekkbi.com\/index.php?rest_route=\/wp\/v2\/posts\/33125\/revisions"}],"predecessor-version":[{"id":33127,"href":"https:\/\/dekkbi.com\/index.php?rest_route=\/wp\/v2\/posts\/33125\/revisions\/33127"}],"wp:featuredmedia":[{"embeddable":true,"href":"https:\/\/dekkbi.com\/index.php?rest_route=\/wp\/v2\/media\/33126"}],"wp:attachment":[{"href":"https:\/\/dekkbi.com\/index.php?rest_route=%2Fwp%2Fv2%2Fmedia&parent=33125"}],"wp:term":[{"taxonomy":"category","embeddable":true,"href":"https:\/\/dekkbi.com\/index.php?rest_route=%2Fwp%2Fv2%2Fcategories&post=33125"},{"taxonomy":"post_tag","embeddable":true,"href":"https:\/\/dekkbi.com\/index.php?rest_route=%2Fwp%2Fv2%2Ftags&post=33125"}],"curies":[{"name":"wp","href":"https:\/\/api.w.org\/{rel}","templated":true}]}}