{"id":33114,"date":"2024-03-20T10:11:13","date_gmt":"2024-03-20T10:11:13","guid":{"rendered":"https:\/\/dekkbi.com\/?p=33114"},"modified":"2024-03-20T12:26:24","modified_gmt":"2024-03-20T12:26:24","slug":"expropriation-de-biens-immobiliers-le-maroc-repond-a-lalgerie","status":"publish","type":"post","link":"https:\/\/dekkbi.com\/?p=33114","title":{"rendered":"Expropriation de certains de ses biens immobiliers \u00e0 Rabat : Le Maroc r\u00e9pond \u00e0 l\u2019Alg\u00e9rie"},"content":{"rendered":"\n<p>Le Maroc a r\u00e9pondu officieusement\u00a0\u00e0\u00a0la version de l\u2019Alg\u00e9rie, sur le projet d\u2019expropriation de certains de ses biens immobiliers \u00e0 Rabat. Par la voie d\u2019une \u00absource autoris\u00e9e\u00bb, le royaume a r\u00e9v\u00e9l\u00e9 que la d\u00e9cision parue dans le Bulletin officiel du 13 mars a \u00e9t\u00e9 pr\u00e9c\u00e9d\u00e9e par des discussions engag\u00e9es avec le gouvernement alg\u00e9rien.\u00a0<\/p>\n\n\n\n<p>\u00abD\u00e8s janvier 2022, le minist\u00e8re a officiellement et \u00e0 plusieurs reprises inform\u00e9 les autorit\u00e9s alg\u00e9riennes de son souhait de se porter acqu\u00e9reur du local en question, \u00e0 l\u2019amiable. Le consul g\u00e9n\u00e9ral d\u2019Alg\u00e9rie \u00e0 Casablanca a \u00e9t\u00e9 re\u00e7u au minist\u00e8re \u00e0 ce sujet pas moins de quatre fois. En outre, huit \u00e9crits officiels ont \u00e9t\u00e9 transmis aux autorit\u00e9s alg\u00e9riennes, qui ont r\u00e9pondu par pas moins de cinq \u00e9crits officiels\u00bb, a r\u00e9v\u00e9l\u00e9 la m\u00eame source.<\/p>\n\n\n\n<p>La partie alg\u00e9rienne n\u2019a pas fait la sourde oreille \u00e0 la proposition marocaine, affirmant qu\u2019une \u00ab\u00e9valuation domaniale de ces biens est en cours et qu\u2019elle communiquera ses conclusions d\u00e8s finalisation\u00bb. Alger a m\u00eame pr\u00e9cis\u00e9 que \u00abla lib\u00e9ration des locaux et le d\u00e9m\u00e9nagement de son contenu se fera en respect des usages diplomatiques une fois l\u2019op\u00e9ration de vente d\u00fbment concr\u00e9tis\u00e9e\u00bb.<\/p>\n\n\n\n<p>Le Maroc tient \u00e0 respecter ses engagements, conform\u00e9ment \u00e0 la Convention de Vienne de 1961 sur les relations diplomatiques. \u00abAinsi, les propri\u00e9t\u00e9s de l\u2019Etat alg\u00e9rien qui n\u2019abritent plus de locaux diplomatiques ou consulaires et ne b\u00e9n\u00e9ficient plus des privil\u00e8ges et immunit\u00e9s pr\u00e9vus par le droit international demeurent respect\u00e9es et prot\u00e9g\u00e9es par la loi marocaine\u00bb, assure la m\u00eame source.<\/p>\n\n\n\n<p>C&rsquo;est dans ce sens que les autorit\u00e9s alg\u00e9riennes ont inform\u00e9, dans un courrier, leurs homologues marocaines qu\u2019elles \u00abont d\u00e9cid\u00e9 d\u2019engager une proc\u00e9dure d\u2019expropriation de certaines propri\u00e9t\u00e9s de la zone pr\u00e8s du palais du peuple, pour cause d\u2019utilit\u00e9 publique, et par cons\u00e9quent de reprendre possession de la r\u00e9sidence de l\u2019ambassadeur de la mission marocaine\u00bb \u00e0 Alger, ajoute-t-elle.<\/p>\n\n\n\n<p>Pour rappel, le minist\u00e8re alg\u00e9rien des Affaires \u00e9trang\u00e8res a exprim\u00e9, dans un communiqu\u00e9 publi\u00e9 le 17 mars, \u00abla d\u00e9termination de son gouvernement \u00e0 recourir \u00e0 toutes les voies et \u00e0 tous les moyens de droit disponibles, notamment dans le cadre des Nations unies pour assurer le respect de ses int\u00e9r\u00eats\u00bb.<\/p>\n\n\n\n<p>SOURCE MSN.COM<\/p>\n","protected":false},"excerpt":{"rendered":"<p>Le Maroc a r\u00e9pondu officieusement\u00a0\u00e0\u00a0la version de l\u2019Alg\u00e9rie, sur le projet d\u2019expropriation de certains de ses biens immobiliers \u00e0 Rabat.<\/p>\n","protected":false},"author":1,"featured_media":33115,"comment_status":"open","ping_status":"open","sticky":false,"template":"","format":"standard","meta":{"footnotes":""},"categories":[51],"tags":[],"class_list":["post-33114","post","type-post","status-publish","format-standard","has-post-thumbnail","hentry","category-general"],"_links":{"self":[{"href":"https:\/\/dekkbi.com\/index.php?rest_route=\/wp\/v2\/posts\/33114","targetHints":{"allow":["GET"]}}],"collection":[{"href":"https:\/\/dekkbi.com\/index.php?rest_route=\/wp\/v2\/posts"}],"about":[{"href":"https:\/\/dekkbi.com\/index.php?rest_route=\/wp\/v2\/types\/post"}],"author":[{"embeddable":true,"href":"https:\/\/dekkbi.com\/index.php?rest_route=\/wp\/v2\/users\/1"}],"replies":[{"embeddable":true,"href":"https:\/\/dekkbi.com\/index.php?rest_route=%2Fwp%2Fv2%2Fcomments&post=33114"}],"version-history":[{"count":2,"href":"https:\/\/dekkbi.com\/index.php?rest_route=\/wp\/v2\/posts\/33114\/revisions"}],"predecessor-version":[{"id":33173,"href":"https:\/\/dekkbi.com\/index.php?rest_route=\/wp\/v2\/posts\/33114\/revisions\/33173"}],"wp:featuredmedia":[{"embeddable":true,"href":"https:\/\/dekkbi.com\/index.php?rest_route=\/wp\/v2\/media\/33115"}],"wp:attachment":[{"href":"https:\/\/dekkbi.com\/index.php?rest_route=%2Fwp%2Fv2%2Fmedia&parent=33114"}],"wp:term":[{"taxonomy":"category","embeddable":true,"href":"https:\/\/dekkbi.com\/index.php?rest_route=%2Fwp%2Fv2%2Fcategories&post=33114"},{"taxonomy":"post_tag","embeddable":true,"href":"https:\/\/dekkbi.com\/index.php?rest_route=%2Fwp%2Fv2%2Ftags&post=33114"}],"curies":[{"name":"wp","href":"https:\/\/api.w.org\/{rel}","templated":true}]}}