{"id":33051,"date":"2024-03-19T09:58:51","date_gmt":"2024-03-19T09:58:51","guid":{"rendered":"https:\/\/dekkbi.com\/?p=33051"},"modified":"2024-03-19T11:47:03","modified_gmt":"2024-03-19T11:47:03","slug":"le-burkina-tient-la-1ere-edition-de-la-journee-des-fruits-de-ziro-a-sapouy-en-presence-du-ministre-bazie","status":"publish","type":"post","link":"https:\/\/dekkbi.com\/?p=33051","title":{"rendered":"Le Burkina tient la 1ere \u00e9dition de la journ\u00e9e des fruits de Ziro \u00e0 Sapouy, en pr\u00e9sence du ministre Bazi\u00e9"},"content":{"rendered":"\n<p>Burkina-Agriculture-Fruit-Promotion<\/p>\n\n\n\n<p><strong>Le Burkina tient la 1ere \u00e9dition de la journ\u00e9e des fruits de Ziro \u00e0 Sapouy, en pr\u00e9sence du ministre Bazi\u00e9<\/strong><\/p>\n\n\n\n<p>Ouagadougou, 16 mars 2024 (AIB) \u2013 La premi\u00e8re \u00e9dition de la journ\u00e9e promotionnelle des fruits du Ziro s\u2019est ouverte ce samedi \u00e0 Sapouy, chef-lieu de la province du Ziro, dans la r\u00e9gion du Centre-Ouest, en pr\u00e9sence du ministre d\u2019Etat en charge de la Fonction publique, Bassolma Bazi\u00e9, rapporte le service de communication du ministre.<a href=\"https:\/\/popup.taboola.com\/en\/\" target=\"_blank\" rel=\"noreferrer noopener\"><\/a><\/p>\n\n\n\n<p>Plac\u00e9e sous le th\u00e8me de la \u00abproduction, \u00e9coulement et transformation de fruits dans un contexte de crise s\u00e9curitaire dans la province du Ziro\u00bb, cette journ\u00e9e est une vitrine pour promouvoir les fruits et galvaniser les producteurs et autres acteurs de la fili\u00e8re.<\/p>\n\n\n\n<p>Le ministre d\u2019Etat, ministre de la Fonction publique, du Travail et de la Protection sociale, Bassolma Bazi\u00e9, a pris part \u00e0 l\u2019\u00e9v\u00e9nement pour soutenir les producteurs de fruits en particulier. Il a aussi exhort\u00e9 les populations \u00e0 soutenir les Forces de d\u00e9fense et de s\u00e9curit\u00e9 (FDS) et les Volontaires pour la d\u00e9fense de la Patrie (VDP) afin que d\u2019ici la fin de l\u2019ann\u00e9e 2024, l\u2019on ne parle plus de terrorisme au Burkina Faso et que les producteurs soient plus sereins dans leurs champs et vergers.<\/p>\n\n\n\n<p>Le repr\u00e9sentant des producteurs, Norbert Bassol\u00e9 a indiqu\u00e9 que la tenue de cette journ\u00e9e promotionnelle, dans ce contexte de crise s\u00e9curitaire, est une preuve de la r\u00e9silience des Burkinab\u00e8. Selon lui, le manque de march\u00e9 pour l\u2019\u00e9coulement des productions, l\u2019insuffisance des comptoirs d\u2019achat, l\u2019insuffisance et la mauvaise qualit\u00e9 des intrants agricoles, le manque de forage \u00e0 haut d\u00e9bit, l\u2019ass\u00e8chement des barrages tout comme l\u2019absence d\u2019une usine de transformation des fruits et l\u00e9gumes constituent des obstacles aux producteurs de fruits.<\/p>\n\n\n\n<p>\u00abNous sommes convaincus que si ces difficult\u00e9s sont r\u00e9solues, nous pouvons doubler, voire tripler nos productions agricoles\u00bb, a-t-il dit.<\/p>\n\n\n\n<p>Une visite des stands d\u2019exposition de fruits et de l\u00e9gumes a mis fin \u00e0 la c\u00e9r\u00e9monie de cette \u00e9dition.<\/p>\n\n\n\n<p>Agence d\u2019Information du BurkinaProvided by SyndiGate Media Inc<\/p>\n","protected":false},"excerpt":{"rendered":"<p>Burkina-Agriculture-Fruit-Promotion Le Burkina tient la 1ere \u00e9dition de la journ\u00e9e des fruits de Ziro \u00e0 Sapouy, en pr\u00e9sence du ministre<\/p>\n","protected":false},"author":1,"featured_media":33052,"comment_status":"open","ping_status":"open","sticky":false,"template":"","format":"standard","meta":{"footnotes":""},"categories":[3],"tags":[],"class_list":["post-33051","post","type-post","status-publish","format-standard","has-post-thumbnail","hentry","category-event-more-news"],"_links":{"self":[{"href":"https:\/\/dekkbi.com\/index.php?rest_route=\/wp\/v2\/posts\/33051","targetHints":{"allow":["GET"]}}],"collection":[{"href":"https:\/\/dekkbi.com\/index.php?rest_route=\/wp\/v2\/posts"}],"about":[{"href":"https:\/\/dekkbi.com\/index.php?rest_route=\/wp\/v2\/types\/post"}],"author":[{"embeddable":true,"href":"https:\/\/dekkbi.com\/index.php?rest_route=\/wp\/v2\/users\/1"}],"replies":[{"embeddable":true,"href":"https:\/\/dekkbi.com\/index.php?rest_route=%2Fwp%2Fv2%2Fcomments&post=33051"}],"version-history":[{"count":1,"href":"https:\/\/dekkbi.com\/index.php?rest_route=\/wp\/v2\/posts\/33051\/revisions"}],"predecessor-version":[{"id":33053,"href":"https:\/\/dekkbi.com\/index.php?rest_route=\/wp\/v2\/posts\/33051\/revisions\/33053"}],"wp:featuredmedia":[{"embeddable":true,"href":"https:\/\/dekkbi.com\/index.php?rest_route=\/wp\/v2\/media\/33052"}],"wp:attachment":[{"href":"https:\/\/dekkbi.com\/index.php?rest_route=%2Fwp%2Fv2%2Fmedia&parent=33051"}],"wp:term":[{"taxonomy":"category","embeddable":true,"href":"https:\/\/dekkbi.com\/index.php?rest_route=%2Fwp%2Fv2%2Fcategories&post=33051"},{"taxonomy":"post_tag","embeddable":true,"href":"https:\/\/dekkbi.com\/index.php?rest_route=%2Fwp%2Fv2%2Ftags&post=33051"}],"curies":[{"name":"wp","href":"https:\/\/api.w.org\/{rel}","templated":true}]}}