{"id":33047,"date":"2024-03-19T09:55:37","date_gmt":"2024-03-19T09:55:37","guid":{"rendered":"https:\/\/dekkbi.com\/?p=33047"},"modified":"2024-03-19T10:17:14","modified_gmt":"2024-03-19T10:17:14","slug":"elections-de-representativite-des-centrales-syndicales-la-fgts-b-reclame-sa-legitimite-a-la-table-des-negociations","status":"publish","type":"post","link":"https:\/\/dekkbi.com\/?p=33047","title":{"rendered":"Repr\u00e9sentativit\u00e9: la Fgts-B r\u00e9clame sa l\u00e9gitimit\u00e9 \u00e0 la table des n\u00e9gociations"},"content":{"rendered":"\n<p><strong>La F\u00e9d\u00e9ration g\u00e9n\u00e9rale des travailleurs du S\u00e9n\u00e9gal (Fgts-B) va tenir son congr\u00e8s dans la seconde quinzaine du mois d\u2019avril prochain, afin de renouveler ses instances et d\u2019actualiser ses textes fondamentaux. En attendant, ces travailleurs exigent du minist\u00e8re du Travail la reconnaissance de leur f\u00e9d\u00e9ration qui ne si\u00e8ge toujours pas \u00e0 la table des n\u00e9gociations. Des informations donn\u00e9es hier, lundi 18 mars, au cours d\u2019un point de presse.&nbsp;&nbsp;&nbsp;<\/strong><\/p>\n\n\n\n<p>Lors des derni\u00e8res \u00e9lections de repr\u00e9sentativit\u00e9 des Centrales syndicales, la F\u00e9d\u00e9ration g\u00e9n\u00e9rale des travailleurs du S\u00e9n\u00e9gal (Fgts-B) avait atteint la barre des 10%, faisant d\u2019elle une des centrales les plus repr\u00e9sentatives devant si\u00e9ger \u00e0 la table des n\u00e9gociations avec le gouvernement du S\u00e9n\u00e9gal. Trois mois apr\u00e8s ces \u00e9lections, les dirigeants de cette f\u00e9d\u00e9ration ont soutenu que l\u2019ex-ministre du Travail et du Dialogue social a confisqu\u00e9 leur victoire. \u00a0<\/p>\n\n\n\n<p>Selon les partisans de Mballo Dia Thiam,\u00a0c\u2019est sous\u00a0<em>\u00able fallacieux pr\u00e9texte d\u2019une fausse r\u00e9solution en date du 06 novembre (2023), d\u00e9pos\u00e9e au minist\u00e8re du Travail et dont les signataires \u00e9voquent une r\u00e9union du bureau ex\u00e9cutif national jamais tenue que l\u2019ex-ministre du Travail a confisqu\u00e9 la victoire de la Fgts-B, en gelant les externalit\u00e9s positives li\u00e9es \u00e0 la repr\u00e9sentativit\u00e9, apr\u00e8s avoir reconnu\u00a0\u00a0et \u00e9chang\u00e9 plusieurs correspondance avec Mballo Dia Thiam, nouveau secr\u00e9taire g\u00e9n\u00e9ral de la Fgts-B et mandataire du regrett\u00e9 Sidya Ndiaye<\/em>\u00bb. <\/p>\n\n\n\n<p>Face \u00e0 cette situation, ils exigent du minist\u00e8re du Travail la reconnaissance du rang acquis lors des \u00e9lections de repr\u00e9sentativit\u00e9 et la place de son leader \u00e0 c\u00f4t\u00e9 des autres secr\u00e9taires g\u00e9n\u00e9raux de Centrales syndicales qui n\u2019en sont pas plus m\u00e9ritants que le leur. \u00a0 Pour r\u00e9gler d\u00e9finitivement ce conflit interne au sein de leur f\u00e9d\u00e9ration, qui vit pr\u00e9sentement une scission interne, certains acteurs vont tenir un congr\u00e8s ordinaire, selon la Fgts-B de Mballo Dia Thiam,\u00a0<em>\u00ab23 ann\u00e9es apr\u00e8s sa cr\u00e9ation, dans la 2<sup>\u00e8me<\/sup>\u00a0quinzaine du mois d\u2019avril 2024, afin de renouveler ses instances et d\u2019actualiser ses textes fondamentaux que sont les statuts et r\u00e8glement int\u00e9rieur\u00bb.\u00a0<\/em>Et de poursuivre\u00a0: \u00ab<em>nous invitons tous les syndicats affili\u00e9s \u00e0 pr\u00e9parer cet \u00e9v\u00e9nement historique et salutaire pour la r\u00e9alisation de la 3<sup>\u00e8me<\/sup>\u00a0voie syndicale dans la construction et dans la coresponsabilit\u00e9<\/em>\u00bb.<\/p>\n\n\n\n<p><strong>Denise ZAROUR MEDANG &nbsp;<\/strong><\/p>\n","protected":false},"excerpt":{"rendered":"<p>La F\u00e9d\u00e9ration g\u00e9n\u00e9rale des travailleurs du S\u00e9n\u00e9gal (Fgts-B) va tenir son congr\u00e8s dans la seconde quinzaine du mois d\u2019avril prochain,<\/p>\n","protected":false},"author":1,"featured_media":33048,"comment_status":"open","ping_status":"open","sticky":false,"template":"","format":"standard","meta":{"footnotes":""},"categories":[21],"tags":[],"class_list":["post-33047","post","type-post","status-publish","format-standard","has-post-thumbnail","hentry","category-societe"],"_links":{"self":[{"href":"https:\/\/dekkbi.com\/index.php?rest_route=\/wp\/v2\/posts\/33047","targetHints":{"allow":["GET"]}}],"collection":[{"href":"https:\/\/dekkbi.com\/index.php?rest_route=\/wp\/v2\/posts"}],"about":[{"href":"https:\/\/dekkbi.com\/index.php?rest_route=\/wp\/v2\/types\/post"}],"author":[{"embeddable":true,"href":"https:\/\/dekkbi.com\/index.php?rest_route=\/wp\/v2\/users\/1"}],"replies":[{"embeddable":true,"href":"https:\/\/dekkbi.com\/index.php?rest_route=%2Fwp%2Fv2%2Fcomments&post=33047"}],"version-history":[{"count":2,"href":"https:\/\/dekkbi.com\/index.php?rest_route=\/wp\/v2\/posts\/33047\/revisions"}],"predecessor-version":[{"id":33070,"href":"https:\/\/dekkbi.com\/index.php?rest_route=\/wp\/v2\/posts\/33047\/revisions\/33070"}],"wp:featuredmedia":[{"embeddable":true,"href":"https:\/\/dekkbi.com\/index.php?rest_route=\/wp\/v2\/media\/33048"}],"wp:attachment":[{"href":"https:\/\/dekkbi.com\/index.php?rest_route=%2Fwp%2Fv2%2Fmedia&parent=33047"}],"wp:term":[{"taxonomy":"category","embeddable":true,"href":"https:\/\/dekkbi.com\/index.php?rest_route=%2Fwp%2Fv2%2Fcategories&post=33047"},{"taxonomy":"post_tag","embeddable":true,"href":"https:\/\/dekkbi.com\/index.php?rest_route=%2Fwp%2Fv2%2Ftags&post=33047"}],"curies":[{"name":"wp","href":"https:\/\/api.w.org\/{rel}","templated":true}]}}