{"id":33039,"date":"2024-03-19T09:46:47","date_gmt":"2024-03-19T09:46:47","guid":{"rendered":"https:\/\/dekkbi.com\/?p=33039"},"modified":"2024-03-19T09:59:29","modified_gmt":"2024-03-19T09:59:29","slug":"pile-ou-face-idy-lultime-combat-par-abdoulaye-thiam","status":"publish","type":"post","link":"https:\/\/dekkbi.com\/?p=33039","title":{"rendered":"Pile ou face : Idy, l\u2019ultime combat ! (Par Abdoulaye Thiam)"},"content":{"rendered":"\n<p>Apr\u00e8s 2007, 2012 et 2019, Idrissa Seck va participer pour la 4<sup>\u00e8me<\/sup>&nbsp;fois \u00e0 l\u2019\u00e9lection pr\u00e9sidentielle. A 65 ans l\u2019ancien Premier ministre pourrait livrer son dernier combat. Brillant, intelligent, grand tribun, l\u2019ancien ministre d\u2019Etat, Directeur de campagne de Me Abdoulaye Wade, concepteur de la tr\u00e8s c\u00e9l\u00e8bre \u00abMarche Bleue\u00bb semble avoir quand m\u00eame perdu beaucoup de son aura.<\/p>\n\n\n\n<p>Certainement \u00e0 cause d\u2019une tortuosit\u00e9 qui lui colle \u00e0 la peau. En 2007, il ne faisait l\u2019ombre d\u2019aucun doute que Idrissa Seck devrait abr\u00e9ger le r\u00e9gime de son mentor Me Abdoulaye Wade. L\u2019opinion publique \u00e9tait acquise \u00e0 sa cause. Malheureusement, Idy s\u2019est perdu dans les \u00abrencontres de Midi\u00bb sur initiative de Serigne Abdoul Aziz Sy Al Amine, porte-parole d\u2019alors du Khalife G\u00e9n\u00e9ral des Tidianes.<\/p>\n\n\n\n<p>Ce qui avait permis \u00e0 Me Wade de remporter les \u00e9lections, haut la main avec 55,90 % contre 14,92 % pour&nbsp;<em>Ndamal Cadior<\/em>. Il va ensuite conna\u00eetre une descente aux enfers symbolis\u00e9e par une d\u00e9gringolade de son score \u00e0 l\u2019\u00e9lection pr\u00e9sidentielle de 2012 o\u00f9 il n\u2019obtiendra que 7,86 % des suffrages. Une tr\u00e8s peu honorable 5<sup>\u00e8me<\/sup>&nbsp;place pour quelqu\u2019un qui s\u2019est vu tracer un destin de pr\u00e9sident de la R\u00e9publique.<\/p>\n\n\n\n<p>Toutefois contre toute attente, tel un ph\u00e9nix, Idrissa Seck va encore renaitre de ses cendres. En 2019, il r\u00e9ussit \u00e0 r\u00e9unir une bonne partie de l\u2019opposition \u00e0 sa cause. 899556 \u00e9lecteurs lui accordent leur voix. Soit 20,51 % des suffrages valablement exprim\u00e9s. Sauf qu\u2019un tel pourcentage ne lui permettra pas de mettre Macky Sall en ballotage. Chef de l\u2019opposition, Idrissa Seck pouvait alors garder ses chances intactes en perspective de la Pr\u00e9sidentielle de 2024. Que nenni\u00a0! Comme en 2007, il rejoint la coalition Benno Bokk Yaakaar et se voit octroyer le poste de pr\u00e9sident du Conseil \u00e9conomique, social et environnemental (CESE). Mieux, deux de ses collaborateurs (Diatara et Saleh) sont nomm\u00e9s ministres dans le gouvernement. Mais \u00e0 l\u2019approche de la Pr\u00e9sidentielle, Idy claque \u00e0 nouveau la porte du Benno et s\u2019engage dans un ultime combat. Atteindra-t-il enfin, cet ultime but qui le fuie depuis 2007\u00a0? Rendez-vous ce dimanche 24 mars.<\/p>\n\n\n\n<p><\/p>\n","protected":false},"excerpt":{"rendered":"<p>Apr\u00e8s 2007, 2012 et 2019, Idrissa Seck va participer pour la 4\u00e8me&nbsp;fois \u00e0 l\u2019\u00e9lection pr\u00e9sidentielle. A 65 ans l\u2019ancien Premier<\/p>\n","protected":false},"author":1,"featured_media":32439,"comment_status":"open","ping_status":"open","sticky":false,"template":"","format":"standard","meta":{"footnotes":""},"categories":[6],"tags":[],"class_list":["post-33039","post","type-post","status-publish","format-standard","has-post-thumbnail","hentry","category-politics"],"_links":{"self":[{"href":"https:\/\/dekkbi.com\/index.php?rest_route=\/wp\/v2\/posts\/33039","targetHints":{"allow":["GET"]}}],"collection":[{"href":"https:\/\/dekkbi.com\/index.php?rest_route=\/wp\/v2\/posts"}],"about":[{"href":"https:\/\/dekkbi.com\/index.php?rest_route=\/wp\/v2\/types\/post"}],"author":[{"embeddable":true,"href":"https:\/\/dekkbi.com\/index.php?rest_route=\/wp\/v2\/users\/1"}],"replies":[{"embeddable":true,"href":"https:\/\/dekkbi.com\/index.php?rest_route=%2Fwp%2Fv2%2Fcomments&post=33039"}],"version-history":[{"count":1,"href":"https:\/\/dekkbi.com\/index.php?rest_route=\/wp\/v2\/posts\/33039\/revisions"}],"predecessor-version":[{"id":33040,"href":"https:\/\/dekkbi.com\/index.php?rest_route=\/wp\/v2\/posts\/33039\/revisions\/33040"}],"wp:featuredmedia":[{"embeddable":true,"href":"https:\/\/dekkbi.com\/index.php?rest_route=\/wp\/v2\/media\/32439"}],"wp:attachment":[{"href":"https:\/\/dekkbi.com\/index.php?rest_route=%2Fwp%2Fv2%2Fmedia&parent=33039"}],"wp:term":[{"taxonomy":"category","embeddable":true,"href":"https:\/\/dekkbi.com\/index.php?rest_route=%2Fwp%2Fv2%2Fcategories&post=33039"},{"taxonomy":"post_tag","embeddable":true,"href":"https:\/\/dekkbi.com\/index.php?rest_route=%2Fwp%2Fv2%2Ftags&post=33039"}],"curies":[{"name":"wp","href":"https:\/\/api.w.org\/{rel}","templated":true}]}}