{"id":32922,"date":"2024-03-18T09:24:46","date_gmt":"2024-03-18T09:24:46","guid":{"rendered":"https:\/\/dekkbi.com\/?p=32922"},"modified":"2024-03-18T09:24:47","modified_gmt":"2024-03-18T09:24:47","slug":"a-kedougou-amadou-ba-promet-de-nouvelles-infrastructures-routieres","status":"publish","type":"post","link":"https:\/\/dekkbi.com\/?p=32922","title":{"rendered":"A K\u00e9dougou, Amadou Ba promet de nouvelles infrastructures routi\u00e8res"},"content":{"rendered":"\n<p>K\u00e9dougou 17 Mars (APS) \u2013 Amadou Ba, candidat de la majorit\u00e9 au pouvoir \u00e0 l\u2019\u00e9lection pr\u00e9sidentielle 24 mars, a soulign\u00e9 dimanche la n\u00e9cessit\u00e9 de poursuivre la politique d\u2019\u00e9rection d\u2019infrastructures routi\u00e8res et de cr\u00e9ation d\u2019emploi pour les jeunes de la r\u00e9gion de K\u00e9dougou afin de promouvoir davantage l\u2019\u00e9quit\u00e9 sociale et territoriale.<a target=\"_blank\" rel=\"noreferrer noopener\"><\/a><\/p>\n\n\n\n<p>\u2018\u2019Promouvoir l\u2019\u00e9quit\u00e9 territoriale et sociale est une n\u00e9cessit\u00e9 dans la r\u00e9gion de K\u00e9dougou o\u00f9 il doit \u00eatre poursuivie l\u2019\u00e9rection d\u2019infrastructures routi\u00e8res et la cr\u00e9ation d\u2019emplois pour les jeunes\u2019\u2019, a-t-il d\u00e9clar\u00e9 dimanche lors d\u2019un rassemblement de ses partisans.<\/p>\n\n\n\n<p>L\u2019ancien Premier ministre a salu\u00e9 la mobilisation des responsables politiques et des militants de la coalition Benno Bokk Yakaar de la r\u00e9gion de K\u00e9dougou.<\/p>\n\n\n\n<p>\u2018\u2019Je suis tr\u00e8s confiant de votre engagement et de votre d\u00e9termination sans faille \u00e0 m\u2019\u00e9lire le du 24 mars comme pr\u00e9sident de la R\u00e9publique du S\u00e9n\u00e9gal\u2019\u2019, a-t-il soulign\u00e9 en r\u00e9it\u00e9rant son option de poursuivre la construction du pays.<\/p>\n\n\n\n<p>Le candidat de la mouvance pr\u00e9sidentielle a sillonn\u00e9 les art\u00e8res de la ville de K\u00e9dougou avant de faire sa d\u00e9claration au rondpoint de la capitale r\u00e9gionale en compagnie des responsables locaux due la coalition Benno Bok Yakaar.<\/p>\n\n\n\n<p>PID\/AKS<\/p>\n","protected":false},"excerpt":{"rendered":"<p>K\u00e9dougou 17 Mars (APS) \u2013 Amadou Ba, candidat de la majorit\u00e9 au pouvoir \u00e0 l\u2019\u00e9lection pr\u00e9sidentielle 24 mars, a soulign\u00e9<\/p>\n","protected":false},"author":1,"featured_media":32923,"comment_status":"open","ping_status":"open","sticky":false,"template":"","format":"standard","meta":{"footnotes":""},"categories":[21],"tags":[],"class_list":["post-32922","post","type-post","status-publish","format-standard","has-post-thumbnail","hentry","category-societe"],"_links":{"self":[{"href":"https:\/\/dekkbi.com\/index.php?rest_route=\/wp\/v2\/posts\/32922","targetHints":{"allow":["GET"]}}],"collection":[{"href":"https:\/\/dekkbi.com\/index.php?rest_route=\/wp\/v2\/posts"}],"about":[{"href":"https:\/\/dekkbi.com\/index.php?rest_route=\/wp\/v2\/types\/post"}],"author":[{"embeddable":true,"href":"https:\/\/dekkbi.com\/index.php?rest_route=\/wp\/v2\/users\/1"}],"replies":[{"embeddable":true,"href":"https:\/\/dekkbi.com\/index.php?rest_route=%2Fwp%2Fv2%2Fcomments&post=32922"}],"version-history":[{"count":1,"href":"https:\/\/dekkbi.com\/index.php?rest_route=\/wp\/v2\/posts\/32922\/revisions"}],"predecessor-version":[{"id":32924,"href":"https:\/\/dekkbi.com\/index.php?rest_route=\/wp\/v2\/posts\/32922\/revisions\/32924"}],"wp:featuredmedia":[{"embeddable":true,"href":"https:\/\/dekkbi.com\/index.php?rest_route=\/wp\/v2\/media\/32923"}],"wp:attachment":[{"href":"https:\/\/dekkbi.com\/index.php?rest_route=%2Fwp%2Fv2%2Fmedia&parent=32922"}],"wp:term":[{"taxonomy":"category","embeddable":true,"href":"https:\/\/dekkbi.com\/index.php?rest_route=%2Fwp%2Fv2%2Fcategories&post=32922"},{"taxonomy":"post_tag","embeddable":true,"href":"https:\/\/dekkbi.com\/index.php?rest_route=%2Fwp%2Fv2%2Ftags&post=32922"}],"curies":[{"name":"wp","href":"https:\/\/api.w.org\/{rel}","templated":true}]}}