{"id":32920,"date":"2024-03-18T09:21:28","date_gmt":"2024-03-18T09:21:28","guid":{"rendered":"https:\/\/dekkbi.com\/?p=32920"},"modified":"2024-03-18T09:21:28","modified_gmt":"2024-03-18T09:21:28","slug":"idrissa-seck-entend-promouvoir-la-paix-la-securite-et-la-reconciliation-nationale","status":"publish","type":"post","link":"https:\/\/dekkbi.com\/?p=32920","title":{"rendered":"Idrissa Seck entend promouvoir la paix, la s\u00e9curit\u00e9 et la r\u00e9conciliation nationale"},"content":{"rendered":"\n<p>Dakar, (APS) \u2013 L\u2019ancien Premier ministre Idrissa Seck, candidat de la coalition \u201dIdy2024\u201d, s\u2019est engag\u00e9, dimanche, \u00e0 cr\u00e9er les conditions garantissant la paix, la s\u00e9curit\u00e9 et la r\u00e9conciliation nationale s\u2019il remportait l\u2019\u00e9lection pr\u00e9sidentielle dont le premier tour est pr\u00e9vu le 24 mars.<\/p>\n\n\n\n<p>\u201cMon programme est structur\u00e9 autour de 5 axes dont le premier est consacr\u00e9 \u00e0 la paix, \u00e0 la stabilit\u00e9, \u00e0 la s\u00e9curit\u00e9 et \u00e0 la r\u00e9conciliation nationale\u201c, a d\u00e9clar\u00e9 Idrissa Seck devant un nombre important de militants et sympathisants qui \u00e9taient r\u00e9unis aux Parcelles Assainies, une commune de la banlieue de Dakar.<\/p>\n\n\n\n<p>Le leader de la coalition Idy2024 a notamment estim\u00e9 que la paix devait \u00eatre conditionn\u00e9e \u00e0 la s\u00e9curit\u00e9 qui permet de surveiller les fronti\u00e8res, prot\u00e9ger les personnes et leurs biens\u201c.<\/p>\n\n\n\n<p>L\u2019ancien Premier ministre s\u2019est \u00e9galement engag\u00e9 \u00e0 nommer des personnes comp\u00e9tentes aux postes de responsabilit\u00e9 afin de trouver des solutions aux probl\u00e8mes auxquelles les s\u00e9n\u00e9galais sont confront\u00e9s. Il envisage pour cela de mettre en place une \u00e9quipe de combat pour s\u2019attaquer aux questions r\u00e9currentes de la chert\u00e9 de la vie, du loyer et de l\u2019\u00e9lectricit\u00e9.<\/p>\n\n\n\n<p>Idrissa Seck a annonc\u00e9 la mise en \u0153uvre d\u2019un programme sp\u00e9cial d\u00e9di\u00e9 aux jeunes pour favoriser la diminution du ch\u00f4mage et l\u2019accroissement du pouvoir d\u2019achat des m\u00e9nages.<\/p>\n\n\n\n<p>BB\/AKS\/ADC<\/p>\n","protected":false},"excerpt":{"rendered":"<p>Dakar, (APS) \u2013 L\u2019ancien Premier ministre Idrissa Seck, candidat de la coalition \u201dIdy2024\u201d, s\u2019est engag\u00e9, dimanche, \u00e0 cr\u00e9er les conditions<\/p>\n","protected":false},"author":1,"featured_media":32610,"comment_status":"open","ping_status":"open","sticky":false,"template":"","format":"standard","meta":{"footnotes":""},"categories":[6],"tags":[],"class_list":["post-32920","post","type-post","status-publish","format-standard","has-post-thumbnail","hentry","category-politics"],"_links":{"self":[{"href":"https:\/\/dekkbi.com\/index.php?rest_route=\/wp\/v2\/posts\/32920","targetHints":{"allow":["GET"]}}],"collection":[{"href":"https:\/\/dekkbi.com\/index.php?rest_route=\/wp\/v2\/posts"}],"about":[{"href":"https:\/\/dekkbi.com\/index.php?rest_route=\/wp\/v2\/types\/post"}],"author":[{"embeddable":true,"href":"https:\/\/dekkbi.com\/index.php?rest_route=\/wp\/v2\/users\/1"}],"replies":[{"embeddable":true,"href":"https:\/\/dekkbi.com\/index.php?rest_route=%2Fwp%2Fv2%2Fcomments&post=32920"}],"version-history":[{"count":1,"href":"https:\/\/dekkbi.com\/index.php?rest_route=\/wp\/v2\/posts\/32920\/revisions"}],"predecessor-version":[{"id":32921,"href":"https:\/\/dekkbi.com\/index.php?rest_route=\/wp\/v2\/posts\/32920\/revisions\/32921"}],"wp:featuredmedia":[{"embeddable":true,"href":"https:\/\/dekkbi.com\/index.php?rest_route=\/wp\/v2\/media\/32610"}],"wp:attachment":[{"href":"https:\/\/dekkbi.com\/index.php?rest_route=%2Fwp%2Fv2%2Fmedia&parent=32920"}],"wp:term":[{"taxonomy":"category","embeddable":true,"href":"https:\/\/dekkbi.com\/index.php?rest_route=%2Fwp%2Fv2%2Fcategories&post=32920"},{"taxonomy":"post_tag","embeddable":true,"href":"https:\/\/dekkbi.com\/index.php?rest_route=%2Fwp%2Fv2%2Ftags&post=32920"}],"curies":[{"name":"wp","href":"https:\/\/api.w.org\/{rel}","templated":true}]}}