{"id":32896,"date":"2024-03-15T11:20:46","date_gmt":"2024-03-15T11:20:46","guid":{"rendered":"https:\/\/dekkbi.com\/?p=32896"},"modified":"2024-03-15T11:22:32","modified_gmt":"2024-03-15T11:22:32","slug":"la-patronne-du-fmi-prete-a-repartir-pour-un-second-mandat","status":"publish","type":"post","link":"https:\/\/dekkbi.com\/?p=32896","title":{"rendered":"\u00ab\u00a0pr\u00eate pour un second mandat\u00a0\u00bb"},"content":{"rendered":"\n<p>La directrice g\u00e9n\u00e9rale du Fonds mon\u00e9taire international (FMI), Kristalina Georgieva, a assur\u00e9 se \u00ab\u00a0rendre disponible\u00a0\u00bb pour continuer \u00e0 diriger l&rsquo;institution financi\u00e8re, dans un entretien accord\u00e9 \u00e0 l&rsquo;AFP, en marge d&rsquo;un discours prononc\u00e9 jeudi \u00e0 Cambridge (Royaume-Uni).<\/p>\n\n\n\n<p>\u00ab\u00a0Je ne cherche pas \u00e0 ce que les gens me choisissent, je me rends disponible\u00a0\u00bb \u00e0 sa propre succession, a-t-elle d\u00e9clar\u00e9, lors d&rsquo;une interview en ligne, alors que les ministres de l&rsquo;Union europ\u00e9enne (UE) lui ont accord\u00e9 mardi leur soutien et que le FMI a lanc\u00e9 formellement le processus de d\u00e9signation de son dirigeant mercredi.<\/p>\n\n\n\n<p>Le processus s&rsquo;est ouvert ce jeudi par un appel \u00e0 candidatures, qui ne peuvent \u00eatre d\u00e9pos\u00e9es que par les repr\u00e9sentants des Etats au conseil d&rsquo;administration du Fonds ou un de ses gouverneurs, le plus souvent des repr\u00e9sentants des banques centrales.<\/p>\n\n\n\n<p>Il doit s&rsquo;\u00e9tirer jusqu&rsquo;\u00e0 la fin d&rsquo;avril et s\u2019appuie sur le principe d&rsquo;une \u00ab\u00a0s\u00e9lection ouverte, transparente et bas\u00e9e sur le m\u00e9rite\u00a0\u00bb, a pr\u00e9cis\u00e9 le FMI.<\/p>\n\n\n\n<p>Dans un second temps, le conseil validera une liste des candidatures retenues, parmi lesquelles sera choisi le prochain directeur g\u00e9n\u00e9ral.<\/p>\n\n\n\n<p>\u00ab\u00a0J&rsquo;ai \u00e9t\u00e9 extr\u00eamement touch\u00e9e de recevoir le soutien des ministres europ\u00e9ens. Il s&rsquo;agit de ma famille, j&rsquo;ai travaill\u00e9 au service de la Commission europ\u00e9enne pendant sept ans. Mais j&rsquo;en ai \u00e9galement re\u00e7u de pays \u00e9mergents\u00a0\u00bb, a ajout\u00e9 Mme Georgieva.<\/p>\n\n\n\n<p>Pour la directrice g\u00e9n\u00e9rale sortante, dont le pr\u00e9sent mandat doit s&rsquo;achever le 30 septembre, il ne fait aucun doute que \u00ab\u00a0si j&rsquo;ai le plaisir de recevoir la confiance de nos membres, je suis pr\u00eate \u00e0 y r\u00e9pondre\u00a0\u00bb.<\/p>\n\n\n\n<p>Son discours pourrait d&rsquo;ailleurs \u00eatre assimil\u00e9 \u00e0 un discours de campagne, m\u00eame si elle a insist\u00e9 l&rsquo;avoir \u00e9crit \u00ab\u00a0avant que le processus ne soit lanc\u00e9, et m\u00eame avant la r\u00e9union des ministres europ\u00e9ens\u00a0\u00bb.<\/p>\n\n\n\n<p>Le principal point en est la lutte contre le r\u00e9chauffement climatique, qui ne doit pas \u00eatre abandonn\u00e9e m\u00eame si elle reconna\u00eet que \u00ab\u00a0les d\u00e9cideurs politiques ont d\u00fb affronter une multiplicit\u00e9 de chocs\u00a0\u00bb.<\/p>\n\n\n\n<h2 class=\"wp-block-heading\">\u00ab\u00a0Donner une chance \u00e0 l&rsquo;optimisme\u00a0\u00bb<\/h2>\n\n\n\n<p>\u00ab\u00a0Nous recommandons aux Etats de reconstruire leurs coussins budg\u00e9taires pour faire face aux crises \u00e0 venir mais nous leur disons en m\u00eame temps qu&rsquo;il y a des investissements n\u00e9cessaires qu&rsquo;il faut continuer \u00e0 faire\u00a0\u00bb, a rappel\u00e9 Kristalina Georgieva, insistant sur le fait que les investissements en faveur du climat r\u00e9pondaient \u00e0 cette cat\u00e9gorie.<\/p>\n\n\n\n<p>Mais quel r\u00f4le pour le FMI dans cette course contre la montre climatique?<\/p>\n\n\n\n<p>Celui de \u00ab\u00a0rappeler d&rsquo;une part qu&rsquo;agir d\u00e8s maintenant est non seulement plus efficace mais \u00e9galement, \u00e0 terme, moins cher. Et d&rsquo;apporter les donn\u00e9es n\u00e9cessaires, de permettre aux Etats d&rsquo;apprendre les uns des autres, et d&rsquo;\u00eatre cette ligne de transmission\u00a0\u00bb, a d\u00e9taill\u00e9 Mme Georgieva.<\/p>\n\n\n\n<p>La directrice g\u00e9n\u00e9rale en a profit\u00e9 pour insister sur un point d\u00e9j\u00e0 abord\u00e9 lors des r\u00e9unions annuelles d&rsquo;octobre dernier, \u00e0 Marrakech (Maroc): le d\u00e9veloppement du continent africain.<\/p>\n\n\n\n<p>A l&rsquo;\u00e9poque, elle avait soulign\u00e9 l&rsquo;importance de l&rsquo;Afrique d&rsquo;un point de vue d\u00e9mographique, continent le plus jeune, mais confront\u00e9 \u00e0 un manque de capitaux, absence qui vient ralentir son d\u00e9veloppement et les perspectives de sa population.<\/p>\n\n\n\n<p>\u00ab\u00a0Nous devons trouver le moyen d&rsquo;associer l&rsquo;abondante ressource humaine de l&rsquo;Afrique avec l&rsquo;abondant capital disponible dans les \u00e9conomies avanc\u00e9es et les principaux pays \u00e9mergents\u00a0\u00bb, a insist\u00e9 Mme Georgieva dans son discours.<\/p>\n\n\n\n<p>\u00ab\u00a0La cl\u00e9 est d&rsquo;attirer les investisseurs de long terme et stabiliser les flux commerciaux\u00a0\u00bb, a-t-elle ajout\u00e9.<\/p>\n\n\n\n<p>Elle a dress\u00e9 un portrait \u00e9conomique plut\u00f4t positif du continent africain, avec une \u00e9conomie qui \u00ab\u00a0fonctionne plut\u00f4t bien, notamment du fait de la force de ses fondamentaux et d&rsquo;investissements dirig\u00e9s dans la bonne direction, tels que les infrastructures num\u00e9riques\u00a0\u00bb.<\/p>\n\n\n\n<p>Plus largement, la patronne du Fonds souhaite \u00ab\u00a0donner une chance \u00e0 l&rsquo;optimisme\u00a0\u00bb, se pla\u00e7ant volontairement dans la filiation de la \u00ab\u00a0Lettre \u00e0 nos petits-enfants\u00a0\u00bb de l&rsquo;\u00e9conomiste britannique Milton Keynes, \u00e9crit en 1930.<\/p>\n\n\n\n<p>\u00ab\u00a0Il soulignait qu&rsquo;il y avait d&rsquo;une part les pessimistes r\u00e9volutionnaires, qui pensaient que tout allait mal et qu&rsquo;il fallait d\u00e9truire le syst\u00e8me. Ils avaient tort. D&rsquo;autre part, il y avait aussi les pessimistes r\u00e9actionnaires, qui pensent que les choses sont si fragiles qu&rsquo;ils ne faut surtout pas y toucher. Ils ont \u00e9galement tort\u00a0\u00bb, a-t-elle rappel\u00e9.<\/p>\n\n\n\n<p>\u00ab\u00a0Mon objectif, dans le travail du Fonds, est d&rsquo;apporter les meilleures recommandations possibles afin de faire face aux diff\u00e9rentes pressions externes et le faire de la mani\u00e8re la plus responsable possible pour les futures g\u00e9n\u00e9rations\u00a0\u00bb, a-t-elle conclu.<\/p>\n","protected":false},"excerpt":{"rendered":"<p>La directrice g\u00e9n\u00e9rale du Fonds mon\u00e9taire international (FMI), Kristalina Georgieva, a assur\u00e9 se \u00ab\u00a0rendre disponible\u00a0\u00bb pour continuer \u00e0 diriger l&rsquo;institution<\/p>\n","protected":false},"author":1,"featured_media":32897,"comment_status":"open","ping_status":"open","sticky":false,"template":"","format":"standard","meta":{"footnotes":""},"categories":[3],"tags":[],"class_list":["post-32896","post","type-post","status-publish","format-standard","has-post-thumbnail","hentry","category-event-more-news"],"_links":{"self":[{"href":"https:\/\/dekkbi.com\/index.php?rest_route=\/wp\/v2\/posts\/32896","targetHints":{"allow":["GET"]}}],"collection":[{"href":"https:\/\/dekkbi.com\/index.php?rest_route=\/wp\/v2\/posts"}],"about":[{"href":"https:\/\/dekkbi.com\/index.php?rest_route=\/wp\/v2\/types\/post"}],"author":[{"embeddable":true,"href":"https:\/\/dekkbi.com\/index.php?rest_route=\/wp\/v2\/users\/1"}],"replies":[{"embeddable":true,"href":"https:\/\/dekkbi.com\/index.php?rest_route=%2Fwp%2Fv2%2Fcomments&post=32896"}],"version-history":[{"count":2,"href":"https:\/\/dekkbi.com\/index.php?rest_route=\/wp\/v2\/posts\/32896\/revisions"}],"predecessor-version":[{"id":32900,"href":"https:\/\/dekkbi.com\/index.php?rest_route=\/wp\/v2\/posts\/32896\/revisions\/32900"}],"wp:featuredmedia":[{"embeddable":true,"href":"https:\/\/dekkbi.com\/index.php?rest_route=\/wp\/v2\/media\/32897"}],"wp:attachment":[{"href":"https:\/\/dekkbi.com\/index.php?rest_route=%2Fwp%2Fv2%2Fmedia&parent=32896"}],"wp:term":[{"taxonomy":"category","embeddable":true,"href":"https:\/\/dekkbi.com\/index.php?rest_route=%2Fwp%2Fv2%2Fcategories&post=32896"},{"taxonomy":"post_tag","embeddable":true,"href":"https:\/\/dekkbi.com\/index.php?rest_route=%2Fwp%2Fv2%2Ftags&post=32896"}],"curies":[{"name":"wp","href":"https:\/\/api.w.org\/{rel}","templated":true}]}}