{"id":32860,"date":"2024-03-15T10:02:51","date_gmt":"2024-03-15T10:02:51","guid":{"rendered":"https:\/\/dekkbi.com\/?p=32860"},"modified":"2024-03-15T10:03:56","modified_gmt":"2024-03-15T10:03:56","slug":"pourquoi-la-participation-de-kylian-mbappe-aux-jeux-olympiques-sannonce-trop-compliquee","status":"publish","type":"post","link":"https:\/\/dekkbi.com\/?p=32860","title":{"rendered":"JO: Pourquoi la participation de Mbapp\u00e9 s\u2019annonce compliqu\u00e9e"},"content":{"rendered":"\n<p>Les chances de voir Kylian Mbapp\u00e9 participer aux JO de Paris cet \u00e9t\u00e9, comme il en avait le d\u00e9sir, se sont largement amoindries apr\u00e8s les propos de Didier Deschamps et de Thierry Henry, qui ont largement expos\u00e9 jeudi les nombreux obstacles \u00e0 lever pour embarquer la star des Bleus dans l\u2019aventure olympique.<\/p>\n\n\n\n<p>Kylian Mbapp\u00e9, leader de l\u2019\u00e9quipe de France et du PSG, a, \u00e0 de nombreuses reprises, fait savoir qu\u2019il r\u00eavait de disputer les JO \u00e0 domicile, en b\u00e9n\u00e9ficiant du r\u00e8glement qui autorise chaque \u00e9quipe \u00e0 ajouter trois joueurs au-del\u00e0 de la limite des 23 ans dans son effectif.<\/p>\n\n\n\n<p>Un r\u00eave quelque peu douch\u00e9 apr\u00e8s les interventions de Deschamps et de Henry lors des annonces de leurs listes pour des matches amicaux en pr\u00e9paration de l\u2019Euro-2024 pour les A, des JO, pour les Bleuets.<\/p>\n\n\n\n<p>\u201cC\u2019est tr\u00e8s difficile sur un plan psychologique et physique de pouvoir encha\u00eener deux comp\u00e9titions comme \u00e7a, l\u2019\u00e9t\u00e9, sans avoir eu de vacances\u201d, a affirm\u00e9 Deschamps, interrog\u00e9 sur la possibilit\u00e9 de voir son capitaine participer aux deux grands rendez-vous de l\u2019\u00e9t\u00e9.<\/p>\n\n\n\n<h2 class=\"wp-block-heading\">D\u00e9cision du club<\/h2>\n\n\n\n<p>Dans la foul\u00e9e, Henry a estim\u00e9 de son c\u00f4t\u00e9 que la d\u00e9cision de s\u00e9lectionner ou non Mbapp\u00e9 \u00e9tait \u201cdans les mains du club\u201d du joueur, les JO ne faisant pas partie des dates Fifa et les \u00e9quipes n\u2019ayant donc pas l\u2019obligation de lib\u00e9rer leurs \u00e9l\u00e9ments.<\/p>\n\n\n\n<p>Mbapp\u00e9, qui a annonc\u00e9 \u00e0 ses dirigeants qu\u2019il quitterait le PSG l\u2019\u00e9t\u00e9 prochain, aura donc besoin n\u00e9gocier avec son prochain employeur, qui devrait \u00eatre le Real Madrid, s\u2019il veut participer aux Jeux olympiques. Ce qui pourrait s\u2019av\u00e9rer tr\u00e8s compliqu\u00e9.<\/p>\n\n\n\n<p>\u201cLes \u00e9quipes ont besoin de leurs joueurs en d\u00e9but de saison\u201d, a encore rappel\u00e9 Henry. Plus encore lorsque ces joueurs, comme Mbapp\u00e9, sont des figures de proue de leur effectif, sur lesquels ils ont investi \u00e9norm\u00e9ment d\u2019argent.<\/p>\n\n\n\n<p>Depuis plusieurs saisons maintenant, les grands clubs europ\u00e9ens, dont le Real Madrid, ont pris l\u2019habitude d\u2019effectuer des tourn\u00e9es de pr\u00e9-saison en Am\u00e9rique du Nord ou en Asie pour y signer des contrats commerciaux fondamentaux pour leur d\u00e9veloppement.<\/p>\n\n\n\n<h2 class=\"wp-block-heading\">\u201cPas de certitudes\u201d<\/h2>\n\n\n\n<p>Il est difficilement envisageable de voir le futur club de Mbapp\u00e9 se passer de son plus beau joyau au moment de se produire \u00e0 l\u2019autre bout du monde.<\/p>\n\n\n\n<p>Thierry Henry n\u2019a pas d\u00e9finitivement \u00e9cart\u00e9 l\u2019id\u00e9e de disposer de Mbapp\u00e9 pour le tournoi olympique, mais il a r\u00e9p\u00e9t\u00e9 avec force qu\u2019il y avait une incertitude quant \u00e0 sa pr\u00e9sence fin juillet sur le terrain des Jeux.<\/p>\n\n\n\n<p>\u201cJe n\u2019ai pas de certitudes, a assen\u00e9 l\u2019ancienne gloire d\u2019Arsenal. Je suis \u00e0 la merci d\u2019un oui ou d\u2019un non de la part d\u2019un club. Et m\u00eame si j\u2019obtiens son accord et que ce club change d\u2019entra\u00eeneur entre-temps, qui me dit que je l\u2019aurai encore \u00e0 ce moment-l\u00e0?\u201d<\/p>\n\n\n\n<h2 class=\"wp-block-heading\">L\u2019Euro \u201cprioritaire\u201d<\/h2>\n\n\n\n<p>D\u2019autant que le temps presse. Plus t\u00f4t, \u201cDD\u201d avait ajout\u00e9 que si certains de ses joueurs devaient disputer les JO de Paris, les noms devraient \u00eatre connus avant le d\u00e9but de la pr\u00e9paration de l\u2019Euro, qui \u201creste prioritaire\u201d.<\/p>\n\n\n\n<p>\u201cPour qu\u2019il n\u2019y ait pas de parasitage, \u00e0 partir du moment o\u00f9 nous serons en stage de pr\u00e9paration \u00e0 Clairefontaine, les choses seront claires, ceux qui iront, ceux qui n\u2019iront pas\u201d, a d\u00e9velopp\u00e9 Deschamps.<\/p>\n\n\n\n<p>Parce que Kylian Mbapp\u00e9 n\u2019est pas le seul cadre des Bleus \u00e0 avoir fait acte de candidature pour participer aux JO.<\/p>\n\n\n\n<h2 class=\"wp-block-heading\">Griezmann r\u00eave de JO<\/h2>\n\n\n\n<p>Antoine Griezmann, irr\u00e9sistible avec l\u2019Atletico Madrid cette saison, avait \u00e9galement montr\u00e9 son int\u00e9r\u00eat pour Paris-2024 en septembre dernier: \u201cJe l\u2019ai d\u00e9j\u00e0 dit ouvertement, je l\u2019ai dit dans le vestiaire \u00e0 Madrid, je le dis ici (en \u00e9quipe de France), c\u2019est un r\u00eave pour moi, un objectif\u201d.<\/p>\n\n\n\n<p>\u201cTout le monde est candidat, m\u00eame Papin et Cantona\u201d, a encore plaisant\u00e9 Henry, avant de marteler une nouvelle fois: \u201cIl y a la r\u00e9alit\u00e9 des clubs\u201d.<\/p>\n\n\n\n<p>\u201cJe souhaite beaucoup de courage \u00e0 \u2018Titi\u2019, je souhaite pour lui qu\u2019il puisse avoir un oui ferme et d\u00e9finitif\u201d des trois joueurs au-del\u00e0 de 23 ans retenus, \u201cmais ce ne sera pas \u00e9vident\u201d, a conclu DD.<\/p>\n","protected":false},"excerpt":{"rendered":"<p>Les chances de voir Kylian Mbapp\u00e9 participer aux JO de Paris cet \u00e9t\u00e9, comme il en avait le d\u00e9sir, se<\/p>\n","protected":false},"author":1,"featured_media":8971,"comment_status":"open","ping_status":"open","sticky":false,"template":"","format":"standard","meta":{"footnotes":""},"categories":[9],"tags":[],"class_list":["post-32860","post","type-post","status-publish","format-standard","has-post-thumbnail","hentry","category-sports"],"_links":{"self":[{"href":"https:\/\/dekkbi.com\/index.php?rest_route=\/wp\/v2\/posts\/32860","targetHints":{"allow":["GET"]}}],"collection":[{"href":"https:\/\/dekkbi.com\/index.php?rest_route=\/wp\/v2\/posts"}],"about":[{"href":"https:\/\/dekkbi.com\/index.php?rest_route=\/wp\/v2\/types\/post"}],"author":[{"embeddable":true,"href":"https:\/\/dekkbi.com\/index.php?rest_route=\/wp\/v2\/users\/1"}],"replies":[{"embeddable":true,"href":"https:\/\/dekkbi.com\/index.php?rest_route=%2Fwp%2Fv2%2Fcomments&post=32860"}],"version-history":[{"count":3,"href":"https:\/\/dekkbi.com\/index.php?rest_route=\/wp\/v2\/posts\/32860\/revisions"}],"predecessor-version":[{"id":32863,"href":"https:\/\/dekkbi.com\/index.php?rest_route=\/wp\/v2\/posts\/32860\/revisions\/32863"}],"wp:featuredmedia":[{"embeddable":true,"href":"https:\/\/dekkbi.com\/index.php?rest_route=\/wp\/v2\/media\/8971"}],"wp:attachment":[{"href":"https:\/\/dekkbi.com\/index.php?rest_route=%2Fwp%2Fv2%2Fmedia&parent=32860"}],"wp:term":[{"taxonomy":"category","embeddable":true,"href":"https:\/\/dekkbi.com\/index.php?rest_route=%2Fwp%2Fv2%2Fcategories&post=32860"},{"taxonomy":"post_tag","embeddable":true,"href":"https:\/\/dekkbi.com\/index.php?rest_route=%2Fwp%2Fv2%2Ftags&post=32860"}],"curies":[{"name":"wp","href":"https:\/\/api.w.org\/{rel}","templated":true}]}}