{"id":32850,"date":"2024-03-15T09:53:34","date_gmt":"2024-03-15T09:53:34","guid":{"rendered":"https:\/\/dekkbi.com\/?p=32850"},"modified":"2024-03-15T09:53:34","modified_gmt":"2024-03-15T09:53:34","slug":"vives-reactions-en-israel-apres-la-charge-du-chef-des-senateurs-democrates-americains-envers-netanyahu","status":"publish","type":"post","link":"https:\/\/dekkbi.com\/?p=32850","title":{"rendered":"Vives r\u00e9actions en Isra\u00ebl apr\u00e8s la charge du chef des s\u00e9nateurs d\u00e9mocrates am\u00e9ricains envers Netanyahu"},"content":{"rendered":"\n<p>Il est le chef de file des d\u00e9mocrates au S\u00e9nat, probablement l\u2019homme politique juif le plus \u00e9minent aux \u00c9tats-Unis. Il soutient de mani\u00e8re ind\u00e9fectible Isra\u00ebl depuis des dizaines d\u2019ann\u00e9es. Chuck Schumer s&rsquo;en prend avec virulence \u00e0 Benyamin Netanyahu qui suit, dit-il, ses int\u00e9r\u00eats personnels et risque de transformer Isra\u00ebl en paria international. Et il appelle Isra\u00ebl \u00e0 organiser au plus t\u00f4t de nouvelles \u00e9lections.\u00a0 Des propos qui sont tr\u00e8s mal re\u00e7us par les dirigeants isra\u00e9liens.<\/p>\n\n\n\n<p><em>Avec <strong>Michel Paul<\/strong><\/em>, <em>correspondant RFI \u00e0 J\u00e9rusalem,<\/em><strong>\u00a0<\/strong><\/p>\n\n\n\n<p>Les r\u00e9actions sont fortes. Pour le Likoud, le parti de\u00a0<strong>Benyamin Netanyahu<\/strong>\u00a0Isra\u00ebl est une d\u00e9mocratie ind\u00e9pendante et fi\u00e8re qui a \u00e9lu son Premier ministre, et non pas une r\u00e9publique banani\u00e8re. Dans l\u2019entourage de Netanyahu, on souligne aussi que la politique qu\u2019il m\u00e8ne est soutenue par une grande majorit\u00e9 de la population.<\/p>\n\n\n\n<p>De l\u2019autre c\u00f4t\u00e9, Benny Gantz, membre du cabinet de guerre, mais aussi principal rival politique de Benyamin Netanyahu, estime que le grand ami d&rsquo;<strong>Isra\u00ebl<\/strong>\u00a0Chuck Schumer a commis cette fois une erreur en s&rsquo;immis\u00e7ant dans les affaires internes du pays. Yair Lapid, le chef de l\u2019opposition isra\u00e9lienne, remarque que Netanyahu perd les uns apr\u00e8s les autres les plus importants soutiens d&rsquo;Isra\u00ebl aux \u00c9tats-Unis. Le pire, souligne-t-il, c\u2019est qu\u2019il le fait expr\u00e8s.<\/p>\n\n\n\n<p>Les relations entre Isra\u00ebl et les \u00c9tats-Unis ont atteint leur point d\u2019\u00e9bullition, proclament plusieurs \u00e9ditorialistes. Les propos de Chuck Schumer font particuli\u00e8rement mal, indique-t-on ici, car il est, et reste encore, un des partisans les plus enthousiastes d&rsquo;Isra\u00ebl au Congr\u00e8s am\u00e9ricain. Et qu\u2019ils font suite aux critiques acerbes de Joe Biden et de la vice-pr\u00e9sidente des \u00c9tats-Unis. Et ce vendredi matin, le quotidien de gauche&nbsp;<em>Haaretz&nbsp;<\/em>affirme que Schumer a fait ce qu\u2019il devait faire&nbsp;: prot\u00e9ger Isra\u00ebl contre lui-m\u00eame.<\/p>\n\n\n\n<p>Quant \u00e0 Netanyahu, il reste d\u00e9termin\u00e9 plus que jamais \u00e0 poursuivre sa politique et notamment une offensive terrestre \u00e0 Rafah.<\/p>\n","protected":false},"excerpt":{"rendered":"<p>Il est le chef de file des d\u00e9mocrates au S\u00e9nat, probablement l\u2019homme politique juif le plus \u00e9minent aux \u00c9tats-Unis. Il<\/p>\n","protected":false},"author":1,"featured_media":32852,"comment_status":"open","ping_status":"open","sticky":false,"template":"","format":"standard","meta":{"footnotes":""},"categories":[51],"tags":[],"class_list":["post-32850","post","type-post","status-publish","format-standard","has-post-thumbnail","hentry","category-general"],"_links":{"self":[{"href":"https:\/\/dekkbi.com\/index.php?rest_route=\/wp\/v2\/posts\/32850","targetHints":{"allow":["GET"]}}],"collection":[{"href":"https:\/\/dekkbi.com\/index.php?rest_route=\/wp\/v2\/posts"}],"about":[{"href":"https:\/\/dekkbi.com\/index.php?rest_route=\/wp\/v2\/types\/post"}],"author":[{"embeddable":true,"href":"https:\/\/dekkbi.com\/index.php?rest_route=\/wp\/v2\/users\/1"}],"replies":[{"embeddable":true,"href":"https:\/\/dekkbi.com\/index.php?rest_route=%2Fwp%2Fv2%2Fcomments&post=32850"}],"version-history":[{"count":1,"href":"https:\/\/dekkbi.com\/index.php?rest_route=\/wp\/v2\/posts\/32850\/revisions"}],"predecessor-version":[{"id":32853,"href":"https:\/\/dekkbi.com\/index.php?rest_route=\/wp\/v2\/posts\/32850\/revisions\/32853"}],"wp:featuredmedia":[{"embeddable":true,"href":"https:\/\/dekkbi.com\/index.php?rest_route=\/wp\/v2\/media\/32852"}],"wp:attachment":[{"href":"https:\/\/dekkbi.com\/index.php?rest_route=%2Fwp%2Fv2%2Fmedia&parent=32850"}],"wp:term":[{"taxonomy":"category","embeddable":true,"href":"https:\/\/dekkbi.com\/index.php?rest_route=%2Fwp%2Fv2%2Fcategories&post=32850"},{"taxonomy":"post_tag","embeddable":true,"href":"https:\/\/dekkbi.com\/index.php?rest_route=%2Fwp%2Fv2%2Ftags&post=32850"}],"curies":[{"name":"wp","href":"https:\/\/api.w.org\/{rel}","templated":true}]}}