{"id":3282,"date":"2022-11-15T10:43:22","date_gmt":"2022-11-15T10:43:22","guid":{"rendered":"https:\/\/dekkbi.com\/?p=3282"},"modified":"2022-11-15T13:10:45","modified_gmt":"2022-11-15T13:10:45","slug":"open-daustralie-2023-novak-djokovic-beneficiera-dun-visa-selon-les-medias-australiens","status":"publish","type":"post","link":"https:\/\/dekkbi.com\/?p=3282","title":{"rendered":"Open d&rsquo;Australie 2023: Novak Djokovic b\u00e9n\u00e9ficiera d&rsquo;un visa"},"content":{"rendered":"\n<p><a href=\"https:\/\/www.addthis.com\/bookmark.php?v=300\"><\/a><a href=\"https:\/\/www.addthis.com\/bookmark.php?v=300\"><\/a><a rel=\"noreferrer noopener\" href=\"https:\/\/www.addthis.com\/bookmark.php?v=300\" target=\"_blank\"><\/a><a rel=\"noreferrer noopener\" href=\"https:\/\/www.addthis.com\/bookmark.php?v=300\" target=\"_blank\"><\/a>L&rsquo;ancien N.1 mondial Novak Djokovic se verra accorder un visa pour participer \u00e0 l&rsquo;Open d&rsquo;Australie 2023, ont indiqu\u00e9 mardi les m\u00e9dias nationaux, malgr\u00e9 son expulsion du pays en janvier dernier en raison de son absence de vaccination contre le Covid-19.<\/p>\n\n\n\n<p>Le gouvernement australien a d\u00e9cid\u00e9 d&rsquo;accorder un visa au Serbe, victorieux \u00e0 neuf reprises \u00e0 l&rsquo;Open d&rsquo;Australie -un record-, ont indiqu\u00e9 le diffuseur national ABC et d&rsquo;autres m\u00e9dias.<\/p>\n\n\n\n<p>En d\u00e9but d&rsquo;ann\u00e9e, Djokovic, non vaccin\u00e9 contre le Covid-19, avait \u00e9t\u00e9 retenu \u00e0 son arriv\u00e9e \u00e0 Melbourne puis expuls\u00e9 juste avant le d\u00e9but du tournoi, apr\u00e8s une bataille juridique concernant son visa.<\/p>\n\n\n\n<p>L&rsquo;Australie a depuis lev\u00e9 l&rsquo;obligation pour les visiteurs de pr\u00e9senter une preuve de vaccination anti-Covid, mais le joueur avait aussi \u00e9cop\u00e9 d&rsquo;une interdiction d&rsquo;entrer sur le territoire de trois ans.<\/p>\n\n\n\n<p>Cette derni\u00e8re mesure peut \u00eatre annul\u00e9e \u00e0 la discr\u00e9tion du gouvernement de centre-gauche du Premier ministre Anthony Albanese, qui a succ\u00e9d\u00e9 \u00e0 la coalition conservatrice au pouvoir \u00e0 l&rsquo;\u00e9poque.<\/p>\n\n\n\n<p>Sollicit\u00e9s mardi par l&rsquo;AFP, le minist\u00e8re australien de l&rsquo;immigration et la F\u00e9d\u00e9ration australienne de tennis n&rsquo;ont pas comment\u00e9 pour le moment.<\/p>\n\n\n\n<p>Le mois dernier, le directeur de l&rsquo;Open d&rsquo;Australie, Craig Tiley, avait d\u00e9clar\u00e9 avoir pass\u00e9 du temps avec Djokovic et que le Serbe souhaitait disputer le premier tournoi du Grand chelem de 2023 (16-29 janvier).<\/p>\n\n\n\n<p>\u00ab\u00a0Il a dit qu&rsquo;il aimerait \u00e9videmment revenir en Australie, mais il sait que la d\u00e9cision finale reviendra au gouvernement f\u00e9d\u00e9ral\u00a0\u00bb, avait dit ce responsable au journal The Age. \u00ab\u00a0Il a accept\u00e9 cette position. C&rsquo;est une affaire priv\u00e9e entre eux\u00a0\u00bb.<\/p>\n\n\n\n<p>\u00ab\u00a0Ce que nous disons \u00e0 ce stade, c&rsquo;est que Novak et le gouvernement f\u00e9d\u00e9ral doivent r\u00e9gler la situation. Nous suivrons toute instruction apr\u00e8s cela\u00a0\u00bb, avait-il pr\u00e9cis\u00e9.<\/p>\n\n\n\n<p>AFP<\/p>\n","protected":false},"excerpt":{"rendered":"<p>L&rsquo;ancien N.1 mondial Novak Djokovic se verra accorder un visa pour participer \u00e0 l&rsquo;Open d&rsquo;Australie 2023, ont indiqu\u00e9 mardi les<\/p>\n","protected":false},"author":1,"featured_media":3184,"comment_status":"open","ping_status":"open","sticky":false,"template":"","format":"standard","meta":{"footnotes":""},"categories":[9],"tags":[],"class_list":["post-3282","post","type-post","status-publish","format-standard","has-post-thumbnail","hentry","category-sports"],"_links":{"self":[{"href":"https:\/\/dekkbi.com\/index.php?rest_route=\/wp\/v2\/posts\/3282","targetHints":{"allow":["GET"]}}],"collection":[{"href":"https:\/\/dekkbi.com\/index.php?rest_route=\/wp\/v2\/posts"}],"about":[{"href":"https:\/\/dekkbi.com\/index.php?rest_route=\/wp\/v2\/types\/post"}],"author":[{"embeddable":true,"href":"https:\/\/dekkbi.com\/index.php?rest_route=\/wp\/v2\/users\/1"}],"replies":[{"embeddable":true,"href":"https:\/\/dekkbi.com\/index.php?rest_route=%2Fwp%2Fv2%2Fcomments&post=3282"}],"version-history":[{"count":2,"href":"https:\/\/dekkbi.com\/index.php?rest_route=\/wp\/v2\/posts\/3282\/revisions"}],"predecessor-version":[{"id":3343,"href":"https:\/\/dekkbi.com\/index.php?rest_route=\/wp\/v2\/posts\/3282\/revisions\/3343"}],"wp:featuredmedia":[{"embeddable":true,"href":"https:\/\/dekkbi.com\/index.php?rest_route=\/wp\/v2\/media\/3184"}],"wp:attachment":[{"href":"https:\/\/dekkbi.com\/index.php?rest_route=%2Fwp%2Fv2%2Fmedia&parent=3282"}],"wp:term":[{"taxonomy":"category","embeddable":true,"href":"https:\/\/dekkbi.com\/index.php?rest_route=%2Fwp%2Fv2%2Fcategories&post=3282"},{"taxonomy":"post_tag","embeddable":true,"href":"https:\/\/dekkbi.com\/index.php?rest_route=%2Fwp%2Fv2%2Ftags&post=3282"}],"curies":[{"name":"wp","href":"https:\/\/api.w.org\/{rel}","templated":true}]}}