{"id":32807,"date":"2024-03-15T08:46:22","date_gmt":"2024-03-15T08:46:22","guid":{"rendered":"https:\/\/dekkbi.com\/?p=32807"},"modified":"2024-03-15T08:46:23","modified_gmt":"2024-03-15T08:46:23","slug":"assainissement-lutte-contre-les-inondations-lonas-lance-loperation-pre-hivernage-pour-3-mois","status":"publish","type":"post","link":"https:\/\/dekkbi.com\/?p=32807","title":{"rendered":"Assainissement \u2013 Lutte contre les inondations: L\u2019Onas lance l\u2019op\u00e9ration pr\u00e9-hivernage pour 3 mois"},"content":{"rendered":"\n<p><strong>En vue de l\u2019hivernage qui arrive \u00e0 grands pas, l\u2019Onas veut mettre les populations \u00e0 l\u2019abri des difficult\u00e9s. Et comme l\u2019ann\u00e9e derni\u00e8re, elle a lanc\u00e9, mercredi, l\u2019op\u00e9ration pr\u00e9-hivernage qui va durer 3 mois. Le Directeur g\u00e9n\u00e9ral, Mamour Diallo, a saisi l\u2019occasion pour inviter les populations \u00e0 plus de civisme, en \u00e9vitant de jeter des d\u00e9chets solides dans les caniveaux.<\/strong><\/p>\n\n\n\n<p><strong>Par Justin GOMIS \u2013\u00a0<\/strong>L\u2019Office national de l\u2019assainissement du S\u00e9n\u00e9gal (Onas) a proc\u00e9d\u00e9 au lancement officiel de l\u2019op\u00e9ration\u00a0 pr\u00e9-hivernage pour l\u2019ann\u00e9e 2024. Cette op\u00e9ration, qui a d\u00e9marr\u00e9 mercredi, va durer trois mois et prendra fin exactement le 30 juin prochain.\u00a0\u00abNous sommes \u00e0 quelques mois de l\u2019hivernage. Comme nous l\u2019avions fait l\u2019ann\u00e9e derni\u00e8re, cette ann\u00e9e, avec toute l\u2019\u00e9quipe, nous avons souhait\u00e9 lancer de fa\u00e7on tr\u00e8s pr\u00e9coce ces op\u00e9rations pr\u00e9-hivernage qui ont pour vocation de proc\u00e9der au curage de tous nos ouvrages, notamment les anneaux, de proc\u00e9der \u00e9galement \u00e0 l\u2019entretien de notre \u00e9quipement\u00a0global au niveau de nos stations de pompage et de curage\u00bb, a indiqu\u00e9 Mamour Diallo. Pour le Directeur g\u00e9n\u00e9ral de l\u2019Onas, ses \u00e9quipes vont tout faire pour mettre les populations dans d\u2019excellentes conditions pendant l\u2019hivernage.\u00a0\u00abNous allons proc\u00e9der \u00e0 toutes les diligences qui incombent \u00e0 l\u2019Onas pour permettre aux populations de vivre un hivernage\u00a0sans grosse difficult\u00e9\u00bb, a-t-il expliqu\u00e9. Pour la r\u00e9gion\u00a0de Dakar, qu\u2019est-ce qui a \u00e9t\u00e9 fait\u00a0? \u00abPour la r\u00e9gion de Dakar, nous avons un lin\u00e9aire de 200 km. Les 50% feront l\u2019objet d\u2019un curage pr\u00e9ventif assez rapidement sur une p\u00e9riode qui ne va pas d\u00e9passer 90 jours\u00bb, a pr\u00e9cis\u00e9 Mamour Diallo. Toujours selon lui, il y a\u00a0\u00e9galement un lin\u00e9aire de 175 km \u00e0 prendre en charge. \u00abLes travaux vont\u00a0 d\u00e9marrer incessamment, d\u00e8s la semaine prochaine, pour une bonne prise en charge de nos \u00e9quipements et ouvrages \u00e0 l\u2019int\u00e9rieur du pays\u00bb, a-t-il inform\u00e9 en outre.<\/p>\n\n\n\n<p>Au regard des impor\u00adtants\u00a0investissements\u00a0r\u00e9alis\u00e9s\u00a0\u00e0 l\u2019int\u00e9rieur du pays par l\u2019Etat, permettant ainsi de donner sens \u00e0 l\u2019\u00e9quit\u00e9\u00a0sociale\u00a0et territoriale dans le domaine de l\u2019assainissement, le Directeur g\u00e9n\u00e9ral de l\u2019Onas a invit\u00e9 les populations \u00e0 \u00abfaire preuve de civisme en \u00e9vitant\u00a0de jeter des d\u00e9chets solides dans les caniveaux\u00a0qui pourraient emp\u00eacher\u00a0la circulation fluide des eaux us\u00e9es et eaux de pluie\u00bb. Il insiste sur ce point\u00a0: \u00abJe voudrais exhorter les \u00e9quipes \u00e0 redoubler d\u2019efforts, mais aussi les faciliter pour le travail colossal qui a \u00e9t\u00e9\u00a0 fait pendant l\u2019hivernage de l\u2019ann\u00e9e derni\u00e8re. Nous vous demandons de faire les m\u00eames sacrifices pour que nos concitoyens puissent vivre cet hivernage avec moins de difficult\u00e9s.\u00bb Il poursuit sur la gestion des infrastructures\u00a0: \u00abCes ouvrages r\u00e9sultent d\u2019investissements importants r\u00e9alis\u00e9s par l\u2019Etat du S\u00e9n\u00e9gal qui a investi pas moins de 24\u00a0 milliards de francs pour doter l\u2019Onas de mat\u00e9riels et\u00a0d\u2019\u00e9quipements. Et m\u00eame si certains sont dot\u00e9s d\u2019un sens du civisme, l\u2019Onas compte faire des spots t\u00e9l\u00e9visuels pour accro\u00eetre cette sensibilisation sur les ouvrages d\u2019utilit\u00e9 publique.\u00bb<\/p>\n\n\n\n<p><strong>justin@lequotidien.sn<\/strong><\/p>\n","protected":false},"excerpt":{"rendered":"<p>En vue de l\u2019hivernage qui arrive \u00e0 grands pas, l\u2019Onas veut mettre les populations \u00e0 l\u2019abri des difficult\u00e9s. Et comme<\/p>\n","protected":false},"author":1,"featured_media":32808,"comment_status":"open","ping_status":"open","sticky":false,"template":"","format":"standard","meta":{"footnotes":""},"categories":[26],"tags":[],"class_list":["post-32807","post","type-post","status-publish","format-standard","has-post-thumbnail","hentry","category-fait-divers"],"_links":{"self":[{"href":"https:\/\/dekkbi.com\/index.php?rest_route=\/wp\/v2\/posts\/32807","targetHints":{"allow":["GET"]}}],"collection":[{"href":"https:\/\/dekkbi.com\/index.php?rest_route=\/wp\/v2\/posts"}],"about":[{"href":"https:\/\/dekkbi.com\/index.php?rest_route=\/wp\/v2\/types\/post"}],"author":[{"embeddable":true,"href":"https:\/\/dekkbi.com\/index.php?rest_route=\/wp\/v2\/users\/1"}],"replies":[{"embeddable":true,"href":"https:\/\/dekkbi.com\/index.php?rest_route=%2Fwp%2Fv2%2Fcomments&post=32807"}],"version-history":[{"count":1,"href":"https:\/\/dekkbi.com\/index.php?rest_route=\/wp\/v2\/posts\/32807\/revisions"}],"predecessor-version":[{"id":32809,"href":"https:\/\/dekkbi.com\/index.php?rest_route=\/wp\/v2\/posts\/32807\/revisions\/32809"}],"wp:featuredmedia":[{"embeddable":true,"href":"https:\/\/dekkbi.com\/index.php?rest_route=\/wp\/v2\/media\/32808"}],"wp:attachment":[{"href":"https:\/\/dekkbi.com\/index.php?rest_route=%2Fwp%2Fv2%2Fmedia&parent=32807"}],"wp:term":[{"taxonomy":"category","embeddable":true,"href":"https:\/\/dekkbi.com\/index.php?rest_route=%2Fwp%2Fv2%2Fcategories&post=32807"},{"taxonomy":"post_tag","embeddable":true,"href":"https:\/\/dekkbi.com\/index.php?rest_route=%2Fwp%2Fv2%2Ftags&post=32807"}],"curies":[{"name":"wp","href":"https:\/\/api.w.org\/{rel}","templated":true}]}}