{"id":32793,"date":"2024-03-14T15:24:31","date_gmt":"2024-03-14T15:24:31","guid":{"rendered":"https:\/\/dekkbi.com\/?p=32793"},"modified":"2024-03-14T15:53:42","modified_gmt":"2024-03-14T15:53:42","slug":"macron-sadresse-aux-francais-sur-les-enjeux-du-soutien-a-lukraine","status":"publish","type":"post","link":"https:\/\/dekkbi.com\/?p=32793","title":{"rendered":"Macron s&rsquo;adresse aux Fran\u00e7ais"},"content":{"rendered":"\n<p>Emmanuel Macron va s&rsquo;expliquer jeudi soir devant les Fran\u00e7ais sur les enjeux du soutien \u00e0 l&rsquo;Ukraine, apr\u00e8s ses propos controvers\u00e9s sur le possible envoi de militaires occidentaux, face \u00e0 une Russie de plus en plus \u00ab\u00a0mena\u00e7ante\u00a0\u00bb selon lui en Europe.<\/p>\n\n\n\n<p>A trois mois des \u00e9lections europ\u00e9ennes, son entretien aux \u00ab\u00a020H\u00a0\u00bb de TF1 et France 2 marquera aussi de facto son entr\u00e9e dans la campagne, apr\u00e8s le premier meeting de son camp dimanche \u00e0 Lille.<\/p>\n\n\n\n<p>Il prendra d&rsquo;ailleurs la parole dans la foul\u00e9e du premier grand d\u00e9bat des Europ\u00e9ennes, sur Public S\u00e9nat, avec toutes les t\u00eates de liste \u00e0 l&rsquo;exception de Jordan Bardella (Rassemblement national) repr\u00e9sent\u00e9 par Thierry Mariani, un eurod\u00e9put\u00e9 r\u00e9put\u00e9 proche de Moscou.<\/p>\n\n\n\n<p>La majorit\u00e9 pr\u00e9sidentielle a notamment pr\u00e9vu d&rsquo;axer sa campagne sur le soutien \u00e0 l&rsquo;Ukraine, accusant le Rassemblement national, largement en t\u00eate dans les sondages, et La France insoumise, d&rsquo;entretenir des positions prorusses.<\/p>\n\n\n\n<p>\u00ab\u00a0Le pr\u00e9sident va rendre compte de la situation de mani\u00e8re p\u00e9dagogique\u00a0\u00bb, r\u00e9sume un proche, apr\u00e8s la signature de l&rsquo;accord bilat\u00e9ral de s\u00e9curit\u00e9 avec Kiev et le d\u00e9bat au Parlement sur le soutien \u00e0 l&rsquo;Ukraine.<\/p>\n\n\n\n<p>L&rsquo;Assembl\u00e9e nationale mardi, tout comme le S\u00e9nat mercredi, ont largement approuv\u00e9 l&rsquo;accord de s\u00e9curit\u00e9, loin toutefois du consensus g\u00e9n\u00e9ralement observ\u00e9 sur les questions internationales.<\/p>\n\n\n\n<p>\u00ab\u00a0Il est l\u00e9gitime et naturel qu&rsquo;il puisse s&rsquo;adresser aux Fran\u00e7ais (&#8230;) pour leur dire, les yeux dans les yeux, quel est l&rsquo;\u00e9tat de la situation et comment organiser les choses dans les semaines \u00e0 venir\u00a0\u00bb, ajoute le proche.<\/p>\n\n\n\n<h2 class=\"wp-block-heading\">\u00ab\u00a0Ambiguit\u00e9 strat\u00e9gique\u00a0\u00bb<\/h2>\n\n\n\n<p>Le chef de l&rsquo;Etat est surtout attendu sur ses d\u00e9clarations autour de l&rsquo;envoi possible de troupes en Ukraine, qui ont sem\u00e9 le trouble dans une bonne partie de l&rsquo;Europe, m\u00eame s&rsquo;il a bien soulign\u00e9 qu&rsquo;aucun consensus n&rsquo;existait \u00ab\u00a0\u00e0 ce stade\u00a0\u00bb parmi les alli\u00e9s et qu&rsquo;il assumait avant tout une \u00ab\u00a0ambigu\u00eft\u00e9 strat\u00e9gique\u00a0\u00bb vis-\u00e0-vis de la Russie.<\/p>\n\n\n\n<p>Son ministre des Arm\u00e9es S\u00e9bastien Lecornu a depuis d\u00e9min\u00e9 le terrain en pr\u00e9cisant que l&rsquo;envoi de \u00ab\u00a0troupes combattantes\u00a0\u00bb n&rsquo;\u00e9tait pas sur la table et que la question portait plut\u00f4t sur la pr\u00e9sence de formateurs militaires occidentaux en Ukraine.<\/p>\n\n\n\n<p>Il s&rsquo;agit de \u00ab\u00a0soutenir \u00e0 fond l&rsquo;Ukraine pour emp\u00eacher la Russie de gagner\u00a0\u00bb, pas de \u00ab\u00a0rentrer dans le combat\u00a0\u00bb, a rench\u00e9ri l&rsquo;ex-ministre de la D\u00e9fense et des Affaires \u00e9trang\u00e8res Jean-Yves Le Drian jeudi sur France Info. \u00ab\u00a0Nous ne sommes pas des cobellig\u00e9rants et n&rsquo;allons pas l&rsquo;\u00eatre demain\u00a0\u00bb, a-t-il ajout\u00e9.<\/p>\n\n\n\n<p>Le pr\u00e9sident ukrainien Volodymyr Zelensky s&rsquo;est aussi voulu rassurant lundi. \u00ab\u00a0Vos enfants ne vont pas mourir en Ukraine\u00a0\u00bb, a-t-il lanc\u00e9.<\/p>\n\n\n\n<p>Mais l&rsquo;ambigu\u00eft\u00e9 s&rsquo;est surtout instill\u00e9e dans les esprits. Les deux-tiers (68%) des Fran\u00e7ais consid\u00e8rent qu&rsquo;Emmanuel Macron a eu tort d&rsquo;afficher cette position, selon un sondage Odoxa-Backbone Consulting r\u00e9alis\u00e9 fin f\u00e9vrier pour Le Figaro.<\/p>\n\n\n\n<p>Deux ans apr\u00e8s le d\u00e9but de l&rsquo;offensive russe, le 24 f\u00e9vrier 2022, son impact sur les \u00e9conomies europ\u00e9ennes, les craintes d&rsquo;extension du conflit vers l&rsquo;ouest et une certaine lassitude des opinions se font aussi sentir.<\/p>\n\n\n\n<p>&#8211; \u00ab\u00a0Rassurer et dramatiser\u00a0\u00bb &#8211;<\/p>\n\n\n\n<p>D\u00e9but mars, 39% des Fran\u00e7ais (-11 points par rapport \u00e0 juin 2023) consid\u00e9raient que la France devait continuer de soutenir \u00e9conomiquement et financi\u00e8rement l&rsquo;Ukraine comme elle le fait actuellement, selon un sondage Elabe pour La Tribune.<\/p>\n\n\n\n<p>M\u00eame tendance concernant le soutien militaire, 79% s&rsquo;opposant en outre \u00e0 l&rsquo;envoi de troupes combattantes au sol et m\u00eame 47% \u00e0 celui de formateurs.<\/p>\n\n\n\n<p>\u00ab\u00a0Emmanuel Macron va devoir d&rsquo;abord rassurer les Fran\u00e7ais quant \u00e0 l&rsquo;inqui\u00e9tude sur les risques de propagation du conflit\u00a0\u00bb, pointe Bernard Sanan\u00e8s, pr\u00e9sident de l&rsquo;institut Elabe.<\/p>\n\n\n\n<p>Le pr\u00e9sident russe Vladimir Poutine alimente lui-m\u00eame ce sentiment en agitant en permanence la menace d&rsquo;un conflit nucl\u00e9aire.<\/p>\n\n\n\n<p>Parall\u00e8lement, Emmanuel Macron et son Premier ministre multiplient les mises en garde alarmistes en cas de victoire russe.<\/p>\n\n\n\n<p>\u00ab\u00a0Des puissances devenues inarr\u00eatables\u00a0\u00bb sont \u00ab\u00a0en train d&rsquo;\u00e9tendre la menace chaque jour, de nous attaquer nous-m\u00eames davantage\u00a0\u00bb, a estim\u00e9 d\u00e9but mars le chef de l&rsquo;Etat, appelant \u00e0 \u00eatre \u00e0 \u00ab\u00a0la hauteur de l&rsquo;Histoire et du courage qu&rsquo;elle implique\u00a0\u00bb.<\/p>\n\n\n\n<p>Gabriel Attal pr\u00e9dit quant \u00e0 lui un \u00ab\u00a0cataclysme pour le pouvoir d&rsquo;achat\u00a0\u00bb des Fran\u00e7ais si la Russie venait \u00e0 l&#8217;emporter, avec une \u00ab\u00a0inflation alimentaire puissance dix, une explosion des prix de l&rsquo;\u00e9nergie puissance dix\u00a0\u00bb.<\/p>\n\n\n\n<p>\u00ab\u00a0Ce sera toute la difficult\u00e9 de l&rsquo;exercice pr\u00e9sidentiel jeudi soir, rassurer tout en continuant \u00e0 dramatiser l&rsquo;enjeu\u00a0\u00bb, anticipe Bernard Sanan\u00e8s.<\/p>\n","protected":false},"excerpt":{"rendered":"<p>Emmanuel Macron va s&rsquo;expliquer jeudi soir devant les Fran\u00e7ais sur les enjeux du soutien \u00e0 l&rsquo;Ukraine, apr\u00e8s ses propos controvers\u00e9s<\/p>\n","protected":false},"author":1,"featured_media":10525,"comment_status":"open","ping_status":"open","sticky":false,"template":"","format":"standard","meta":{"footnotes":""},"categories":[51],"tags":[],"class_list":["post-32793","post","type-post","status-publish","format-standard","has-post-thumbnail","hentry","category-general"],"_links":{"self":[{"href":"https:\/\/dekkbi.com\/index.php?rest_route=\/wp\/v2\/posts\/32793","targetHints":{"allow":["GET"]}}],"collection":[{"href":"https:\/\/dekkbi.com\/index.php?rest_route=\/wp\/v2\/posts"}],"about":[{"href":"https:\/\/dekkbi.com\/index.php?rest_route=\/wp\/v2\/types\/post"}],"author":[{"embeddable":true,"href":"https:\/\/dekkbi.com\/index.php?rest_route=\/wp\/v2\/users\/1"}],"replies":[{"embeddable":true,"href":"https:\/\/dekkbi.com\/index.php?rest_route=%2Fwp%2Fv2%2Fcomments&post=32793"}],"version-history":[{"count":2,"href":"https:\/\/dekkbi.com\/index.php?rest_route=\/wp\/v2\/posts\/32793\/revisions"}],"predecessor-version":[{"id":32797,"href":"https:\/\/dekkbi.com\/index.php?rest_route=\/wp\/v2\/posts\/32793\/revisions\/32797"}],"wp:featuredmedia":[{"embeddable":true,"href":"https:\/\/dekkbi.com\/index.php?rest_route=\/wp\/v2\/media\/10525"}],"wp:attachment":[{"href":"https:\/\/dekkbi.com\/index.php?rest_route=%2Fwp%2Fv2%2Fmedia&parent=32793"}],"wp:term":[{"taxonomy":"category","embeddable":true,"href":"https:\/\/dekkbi.com\/index.php?rest_route=%2Fwp%2Fv2%2Fcategories&post=32793"},{"taxonomy":"post_tag","embeddable":true,"href":"https:\/\/dekkbi.com\/index.php?rest_route=%2Fwp%2Fv2%2Ftags&post=32793"}],"curies":[{"name":"wp","href":"https:\/\/api.w.org\/{rel}","templated":true}]}}