{"id":3279,"date":"2022-11-15T10:40:52","date_gmt":"2022-11-15T10:40:52","guid":{"rendered":"https:\/\/dekkbi.com\/?p=3279"},"modified":"2022-11-15T10:40:54","modified_gmt":"2022-11-15T10:40:54","slug":"g20-macro-appelle-la-france-et-la-chine-a-unir-leurs-forces-contre-la-guerre-en-ukraine","status":"publish","type":"post","link":"https:\/\/dekkbi.com\/?p=3279","title":{"rendered":"G20: Macro appelle la France et la Chine \u00e0 \u00ab\u00a0unir\u00a0\u00bb leurs \u00ab\u00a0forces\u00a0\u00bb contre la guerre en Ukraine"},"content":{"rendered":"\n<h1 class=\"wp-block-heading\"><\/h1>\n\n\n\n<p>Les pr\u00e9sidents fran\u00e7ais Emmanuel Macron (\u00e0 gauche) et chinois Xi Jinping, le 15 novembre 2022 en marge du sommet du G20 \u00e0 Bali, en Indon\u00e9sie<\/p>\n\n\n\n<p>afp.com &#8211; Ludovic MARIN<a href=\"https:\/\/www.addthis.com\/bookmark.php?v=300\"><\/a><a href=\"https:\/\/www.addthis.com\/bookmark.php?v=300\"><\/a><a rel=\"noreferrer noopener\" href=\"https:\/\/www.addthis.com\/bookmark.php?v=300\" target=\"_blank\"><\/a><a rel=\"noreferrer noopener\" href=\"https:\/\/www.addthis.com\/bookmark.php?v=300\" target=\"_blank\"><\/a><\/p>\n\n\n\n<p>Le pr\u00e9sident fran\u00e7ais Emmanuel Macron a appel\u00e9 mardi son homologue chinois Xi Jinping \u00e0 \u00ab\u00a0unir\u00a0\u00bb leurs \u00ab\u00a0forces\u00a0\u00bb contre la guerre en Ukraine, soulignant que la \u00ab\u00a0stabilit\u00e9\u00a0\u00bb du monde \u00e9tait aussi dans \u00ab\u00a0l&rsquo;int\u00e9r\u00eat\u00a0\u00bb de la Chine.<\/p>\n\n\n\n<p>Il convient \u00ab\u00a0d&rsquo;unir nos forces pour r\u00e9pondre tout \u00e0 la fois aux grands enjeux internationaux, vous avez \u00e9voqu\u00e9 celui du climat pour n&rsquo;en citer qu&rsquo;un et sans doute le plus pr\u00e9gnant, mais aussi aux crises internationales comme la guerre lanc\u00e9e par la Russie en Ukraine pour lesquelles le G20 constitue un format appropri\u00e9\u00a0\u00bb, a-t-il lanc\u00e9 au d\u00e9but d&rsquo;un entretien bilat\u00e9ral en marge du sommet du G20 \u00e0 Bali.<\/p>\n\n\n\n<p>La Chine n&rsquo;a pas condamn\u00e9 l&rsquo;offensive russe en Ukraine lanc\u00e9e le 24 f\u00e9vrier et reste tr\u00e8s r\u00e9ticente, tout comme nombre de pays du Sud, dont l&rsquo;Indon\u00e9sie, \u00e0 critiquer Moscou, y compris au sommet du G20.<\/p>\n\n\n\n<p><a><\/a><a href=\"https:\/\/information.tv5monde.com\/info\/g20-macron-appelle-la-france-et-la-chine-unir-leurs-forces-contre-la-guerre-en-ukraine-478540#photo1\"><\/a><a href=\"https:\/\/information.tv5monde.com\/video\/jpg\/7b031826-a979-4a5c-9d0a-5db0a80b3d07.jpg\"><\/a><a href=\"https:\/\/information.tv5monde.com\/video\/qt-hi\/7b031826-a979-4a5c-9d0a-5db0a80b3d07.640x360.mp4\"><\/a>Le G20 devrait publier un communiqu\u00e9 dans lequel \u00ab\u00a0la plupart\u00a0\u00bb des membres du groupe condamnent fermement l&rsquo;offensive russe en Ukraine, a toutefois indiqu\u00e9 mardi un haut responsable am\u00e9ricain.<\/p>\n\n\n\n<p>Le sommet du G20 doit \u00ab\u00a0r\u00e9duire les tensions, les \u00e9carts qu&rsquo;il y a dans l&rsquo;environnement international et nous permettre de b\u00e2tir ce qui je crois est de l&rsquo;int\u00e9r\u00eat et de la Chine et de La France, c&rsquo;est-\u00e0-dire une v\u00e9ritable stabilit\u00e9, des \u00e9l\u00e9ments de coop\u00e9ration tangibles qui nous permettent de faire revenir la paix partout o\u00f9 le conflit s&rsquo;est install\u00e9\u00a0\u00bb, a relev\u00e9 le pr\u00e9sident fran\u00e7ais.<\/p>\n\n\n\n<p>Il doit aussi contribuer \u00e0 \u00ab\u00a0assurer la prosp\u00e9rit\u00e9 \u00e9conomique, en particulier pour nos classes moyennes, et le faire tout en r\u00e9duisant les \u00e9missions (de CO2) et donc en gagnant la bataille pour le climat et la biodiversit\u00e9\u00a0\u00bb, a-t-il dit.<\/p>\n\n\n\n<p>Emmanuel Macron a insist\u00e9 \u00e9galement sur sa \u00ab\u00a0volont\u00e9 de donner une nouvelle impulsion \u00e0 la reprise des coop\u00e9rations\u00a0\u00bb avec la Chine, notamment sur le front du r\u00e9chauffements climatique.<\/p>\n\n\n\n<p>Xi Jinping a appel\u00e9 de son c\u00f4t\u00e9 la France et l&rsquo;Europe \u00e0 \u0153uvrer, au c\u00f4t\u00e9 de la Chine, pour renforcer la \u00ab\u00a0stabilit\u00e9\u00a0\u00bb dans le monde, sans citer toutefois la guerre en Ukraine.<\/p>\n\n\n\n<p>\u00ab\u00a0La Chine et la France, la Chine et l&rsquo;Europe doivent faire en sorte que leur relation se d\u00e9veloppe sur les bons rails \u00e0 long terme afin d\u2019injecter de la stabilit\u00e9 et une \u00e9nergie positive dans le monde\u00a0\u00bb, a soulign\u00e9 le dirigeant chinois.<\/p>\n\n\n\n<p>Il s\u2019est aussi dit pr\u00eat \u00e0 \u00ab\u00a0renforcer la coop\u00e9ration\u00a0\u00bb de la Chine avec la France afin de \u00ab\u00a0faire face ensemble aux enjeux globaux de s\u00e9curit\u00e9 \u00e9nerg\u00e9tique, changement climatique (..) et de d\u00e9veloppement durable\u00a0\u00bb.<\/p>\n\n\n\n<p>L&rsquo;entretien entre les deux dirigeants, qui s&rsquo;est tenu dans l&rsquo;h\u00f4tel de la d\u00e9l\u00e9gation chinoise, a dur\u00e9 un peu plus de 40 minutes, selon l&rsquo;Elys\u00e9e.<\/p>\n\n\n\n<p>Emmanuel Macron a adress\u00e9 ses \u00ab\u00a0v\u0153ux de succ\u00e8s pour la Chine\u00a0\u00bb apr\u00e8s la reconduction de Xi Jinping en octobre \u00e0 la t\u00eate du Parti communiste et du pays.<\/p>\n","protected":false},"excerpt":{"rendered":"<p>Les pr\u00e9sidents fran\u00e7ais Emmanuel Macron (\u00e0 gauche) et chinois Xi Jinping, le 15 novembre 2022 en marge du sommet du<\/p>\n","protected":false},"author":1,"featured_media":3280,"comment_status":"open","ping_status":"open","sticky":false,"template":"","format":"standard","meta":{"footnotes":""},"categories":[51],"tags":[],"class_list":["post-3279","post","type-post","status-publish","format-standard","has-post-thumbnail","hentry","category-general"],"_links":{"self":[{"href":"https:\/\/dekkbi.com\/index.php?rest_route=\/wp\/v2\/posts\/3279","targetHints":{"allow":["GET"]}}],"collection":[{"href":"https:\/\/dekkbi.com\/index.php?rest_route=\/wp\/v2\/posts"}],"about":[{"href":"https:\/\/dekkbi.com\/index.php?rest_route=\/wp\/v2\/types\/post"}],"author":[{"embeddable":true,"href":"https:\/\/dekkbi.com\/index.php?rest_route=\/wp\/v2\/users\/1"}],"replies":[{"embeddable":true,"href":"https:\/\/dekkbi.com\/index.php?rest_route=%2Fwp%2Fv2%2Fcomments&post=3279"}],"version-history":[{"count":1,"href":"https:\/\/dekkbi.com\/index.php?rest_route=\/wp\/v2\/posts\/3279\/revisions"}],"predecessor-version":[{"id":3281,"href":"https:\/\/dekkbi.com\/index.php?rest_route=\/wp\/v2\/posts\/3279\/revisions\/3281"}],"wp:featuredmedia":[{"embeddable":true,"href":"https:\/\/dekkbi.com\/index.php?rest_route=\/wp\/v2\/media\/3280"}],"wp:attachment":[{"href":"https:\/\/dekkbi.com\/index.php?rest_route=%2Fwp%2Fv2%2Fmedia&parent=3279"}],"wp:term":[{"taxonomy":"category","embeddable":true,"href":"https:\/\/dekkbi.com\/index.php?rest_route=%2Fwp%2Fv2%2Fcategories&post=3279"},{"taxonomy":"post_tag","embeddable":true,"href":"https:\/\/dekkbi.com\/index.php?rest_route=%2Fwp%2Fv2%2Ftags&post=3279"}],"curies":[{"name":"wp","href":"https:\/\/api.w.org\/{rel}","templated":true}]}}