{"id":32769,"date":"2024-03-14T14:41:22","date_gmt":"2024-03-14T14:41:22","guid":{"rendered":"https:\/\/dekkbi.com\/?p=32769"},"modified":"2024-03-14T14:41:23","modified_gmt":"2024-03-14T14:41:23","slug":"guerre-a-gaza-le-parlement-europeen-appelle-pour-la-premiere-fois-a-un-cessez-le-feu-immediat","status":"publish","type":"post","link":"https:\/\/dekkbi.com\/?p=32769","title":{"rendered":"Guerre \u00e0 Gaza: le Parlement europ\u00e9en appelle pour la premi\u00e8re fois \u00e0 un cessez-le-feu imm\u00e9diat"},"content":{"rendered":"\n<p>Le Parlement europ\u00e9en a vot\u00e9 ce jeudi 14 mars en faveur d\u2019une r\u00e9solution sur la situation \u00e0 Gaza et le fait qu\u2019il existe un risque imm\u00e9diat de famine g\u00e9n\u00e9ralis\u00e9e. Le Parlement, consid\u00e9rant qu\u2019Isra\u00ebl a renforc\u00e9 le blocus de Gaza et emp\u00eache le bon d\u00e9roulement des op\u00e9rations humanitaires, tout en poursuivant la colonisation, appelle donc pour la premi\u00e8re fois \u00e0 un cessez-le-feu imm\u00e9diat.\u00a0<\/p>\n\n\n\n<p><em>Avec notre envoy\u00e9 sp\u00e9cial \u00e0 Strasbourg,&nbsp;<\/em><strong>Romain Lemaresquier<\/strong><\/p>\n\n\n\n<p>Ce n\u2019est certes pas cette r\u00e9solution qui va changer la situation sur place, mais c\u2019est la premi\u00e8re fois depuis le d\u00e9but du conflit que le Parlement europ\u00e9en vote ce type de texte. Il faut dire que le sujet divise et qu\u2019il est compliqu\u00e9 de trouver un compromis. La r\u00e9solution adopt\u00e9e aujourd\u2019hui condamne les entraves \u00e0 l\u2019aide humanitaire et les attaques contre les convois humanitaires et demande \u00e0\u00a0<strong>Isra\u00ebl<\/strong>\u00a0d\u2019autoriser et de faciliter sans d\u00e9lai et partout dans\u00a0<strong>Gaza<\/strong>\u00a0l\u2019acheminement de l\u2019aide par tous les points de passage existants.<\/p>\n\n\n\n<p>Le Parlement europ\u00e9en condamne \u00e9galement les attaques r\u00e9p\u00e9t\u00e9es contre les civils, contre les structures humanitaires et d\u00e9plore les cons\u00e9quences catastrophiques de ces derni\u00e8res, en particulier pour les enfants. Les d\u00e9put\u00e9s europ\u00e9ens exigent l\u2019ouverture d\u2019une enqu\u00eate internationale ind\u00e9pendante, renouvellent leur appel \u00e0 un cessez-le-feu imm\u00e9diat et permanent. L\u2019h\u00e9micycle europ\u00e9en se d\u00e9clare profond\u00e9ment pr\u00e9occup\u00e9 par la situation humanitaire d\u00e9sastreuse qui r\u00e8gne \u00e0 Gaza, en particulier par\u00a0<strong>le risque de famine imminente<\/strong>.<\/p>\n\n\n\n<p>Les parlementaires demandent \u00e0 Isra\u00ebl de respecter les dispositions du droit humanitaire international et de se conformer aux r\u00e9solutions du Conseil de s\u00e9curit\u00e9 des Nations unies. Enfin, le Parlement r\u00e9affirme que tout doit \u00eatre mis en \u0153uvre pour \u00e9viter d\u2019autres victimes civiles innocentes et charge sa pr\u00e9sidente, Roberta Metsola, de transmettre ce texte au Conseil, \u00e0 la Commission, aux Nations unies, au gouvernement d\u2019Isra\u00ebl et \u00e0 l\u2019Autorit\u00e9 palestinienne.<\/p>\n","protected":false},"excerpt":{"rendered":"<p>Le Parlement europ\u00e9en a vot\u00e9 ce jeudi 14 mars en faveur d\u2019une r\u00e9solution sur la situation \u00e0 Gaza et le<\/p>\n","protected":false},"author":1,"featured_media":32770,"comment_status":"open","ping_status":"open","sticky":false,"template":"","format":"standard","meta":{"footnotes":""},"categories":[51],"tags":[],"class_list":["post-32769","post","type-post","status-publish","format-standard","has-post-thumbnail","hentry","category-general"],"_links":{"self":[{"href":"https:\/\/dekkbi.com\/index.php?rest_route=\/wp\/v2\/posts\/32769","targetHints":{"allow":["GET"]}}],"collection":[{"href":"https:\/\/dekkbi.com\/index.php?rest_route=\/wp\/v2\/posts"}],"about":[{"href":"https:\/\/dekkbi.com\/index.php?rest_route=\/wp\/v2\/types\/post"}],"author":[{"embeddable":true,"href":"https:\/\/dekkbi.com\/index.php?rest_route=\/wp\/v2\/users\/1"}],"replies":[{"embeddable":true,"href":"https:\/\/dekkbi.com\/index.php?rest_route=%2Fwp%2Fv2%2Fcomments&post=32769"}],"version-history":[{"count":1,"href":"https:\/\/dekkbi.com\/index.php?rest_route=\/wp\/v2\/posts\/32769\/revisions"}],"predecessor-version":[{"id":32771,"href":"https:\/\/dekkbi.com\/index.php?rest_route=\/wp\/v2\/posts\/32769\/revisions\/32771"}],"wp:featuredmedia":[{"embeddable":true,"href":"https:\/\/dekkbi.com\/index.php?rest_route=\/wp\/v2\/media\/32770"}],"wp:attachment":[{"href":"https:\/\/dekkbi.com\/index.php?rest_route=%2Fwp%2Fv2%2Fmedia&parent=32769"}],"wp:term":[{"taxonomy":"category","embeddable":true,"href":"https:\/\/dekkbi.com\/index.php?rest_route=%2Fwp%2Fv2%2Fcategories&post=32769"},{"taxonomy":"post_tag","embeddable":true,"href":"https:\/\/dekkbi.com\/index.php?rest_route=%2Fwp%2Fv2%2Ftags&post=32769"}],"curies":[{"name":"wp","href":"https:\/\/api.w.org\/{rel}","templated":true}]}}