{"id":3276,"date":"2022-11-15T09:50:47","date_gmt":"2022-11-15T09:50:47","guid":{"rendered":"https:\/\/dekkbi.com\/?p=3276"},"modified":"2022-11-15T09:50:49","modified_gmt":"2022-11-15T09:50:49","slug":"la-population-mondiale-compte-desormais-huit-milliards-dhabitants","status":"publish","type":"post","link":"https:\/\/dekkbi.com\/?p=3276","title":{"rendered":"La population mondiale compte d\u00e9sormais huit milliards d&rsquo;habitants"},"content":{"rendered":"\n<p>La population mondiale d\u00e9passe mardi les 8 milliards d\u2019habitants, selon l\u2019estimation officielle des Nations unies, qui y voit \u201cun important jalon du d\u00e9veloppement humain\u201d et un rappel, en pleine COP27, de \u201cnotre responsabilit\u00e9 partag\u00e9e de prendre soin de notre plan\u00e8te\u201d.<\/p>\n\n\n\n<p><strong>Source:<\/strong>\u00a0AFP<\/p>\n\n\n\n<p>Pour l\u2019ONU, \u201ccette croissance sans pr\u00e9c\u00e9dent\u201d &#8212; il y avait 2,5 milliards d\u2019habitants en 1950 &#8212; est le r\u00e9sultat \u201cd\u2019une augmentation progressive de la dur\u00e9e de la vie gr\u00e2ce aux progr\u00e8s r\u00e9alis\u00e9s en termes de sant\u00e9 publique, de nutrition, d\u2019hygi\u00e8ne personnelle et de m\u00e9decine\u201d.<\/p>\n\n\n\n<p>Mais la croissance d\u00e9mographique pose aussi de redoutables d\u00e9fis aux pays les plus pauvres, o\u00f9 elle se concentre le plus.<\/p>\n\n\n\n<p>Alors que la Terre a compt\u00e9 moins d\u2019un milliard d\u2019habitants jusque dans les ann\u00e9es 1800, elle n\u2019a mis que douze ans pour passer de 7 \u00e0 8 milliards.<\/p>\n\n\n\n<p>Signe de son ralentissement d\u00e9mographique, il lui faudra environ quinze ans pour atteindre les 9 milliards en 2037. L\u2019ONU projette un \u201cpic\u201d \u00e0 10,4 milliards dans les ann\u00e9es 2080 et une stagnation jusqu\u2019\u00e0 la fin du si\u00e8cle.<\/p>\n\n\n\n<h2 class=\"wp-block-heading\">\u201cComportements\u201d<\/h2>\n\n\n\n<p>La barre des 8 milliards est franchie en pleine conf\u00e9rence mondiale sur le climat, la COP27, \u00e0 Charm el-Cheikh, qui souligne une fois de plus la difficult\u00e9 des pays riches, les plus responsables du r\u00e9chauffement de la plan\u00e8te, et des pays pauvres, qui r\u00e9clament de l\u2019aide pour y faire face, \u00e0 s\u2019entendre pour faire baisser de mani\u00e8re plus ambitieuse les \u00e9missions de gaz \u00e0 effet de serre provenant des activit\u00e9s humaines.<\/p>\n\n\n\n<p>Or, rappelle l\u2019ONU, \u201csi la croissance d\u00e9mographique amplifie l\u2019impact environnemental du d\u00e9veloppement \u00e9conomique\u201d, \u201cles pays o\u00f9 la consommation de ressources mat\u00e9rielles et les \u00e9missions de gaz \u00e0 effet de serre par habitant sont les plus \u00e9lev\u00e9es, sont g\u00e9n\u00e9ralement ceux o\u00f9 le revenu par habitant est le plus \u00e9lev\u00e9 et non ceux o\u00f9 la population augmente rapidement\u201d.<\/p>\n\n\n\n<p>\u201cNotre impact sur la plan\u00e8te est d\u00e9termin\u00e9 bien plus par nos comportements que par notre nombre\u201d, r\u00e9sume pour l\u2019AFP Jennifer Sciubba, chercheuse en r\u00e9sidence au cercle de r\u00e9flexion Wilson Center.<\/p>\n\n\n\n<h2 class=\"wp-block-heading\">L\u2019Inde devant la Chine<\/h2>\n\n\n\n<p>Et c\u2019est bien dans les pays qui concentrent d\u00e9j\u00e0 une forte pauvret\u00e9 que la croissance d\u00e9mographique pose des d\u00e9fis majeurs.<\/p>\n\n\n\n<p>\u201cLa persistance de niveaux de f\u00e9condit\u00e9 \u00e9lev\u00e9s, \u00e0 l\u2019origine d\u2019une croissance d\u00e9mographique rapide, est \u00e0 la fois un sympt\u00f4me et une cause de la lenteur des progr\u00e8s en mati\u00e8re de d\u00e9veloppement\u201d, \u00e9crit l\u2019ONU.<\/p>\n\n\n\n<p>Ainsi, l\u2019Inde, pays de 1,4 milliard d\u2019habitants, qui deviendra le plus peupl\u00e9 du monde en 2023, surpassant la Chine, devrait conna\u00eetre ces prochaines d\u00e9cennies une explosion de sa population urbaine avec des m\u00e9gapoles d\u00e9j\u00e0 surpeupl\u00e9es et en manque d\u2019infrastructures essentielles.<\/p>\n\n\n\n<p>A Bombay, 40% environ de la population vit dans des bidonvilles, des zones de mis\u00e8re surpeupl\u00e9es, constitu\u00e9es de baraquements de fortune, pour la plupart d\u00e9pourvues d\u2019eau courante, d\u2019\u00e9lectricit\u00e9 et de sanitaires.<\/p>\n\n\n\n<p>Les chiffres mondiaux masquent une immense diversit\u00e9 d\u00e9mographique. Ainsi, plus de la moiti\u00e9 de la croissance de la population d\u2019ici 2050 viendra de seulement 8 pays selon l\u2019ONU: R\u00e9publique d\u00e9mocratique du Congo, Egypte, Ethiopie, Inde, Nigeria, Pakistan, Philippines et Tanzanie.<\/p>\n\n\n\n<p>Et \u00e0 la fin du si\u00e8cle, les trois villes les plus peupl\u00e9es au monde seront africaines: Lagos au Nigeria, Kinshasa en RD Congo et Dar Es Salaam en Tanzanie.<\/p>\n","protected":false},"excerpt":{"rendered":"<p>La population mondiale d\u00e9passe mardi les 8 milliards d\u2019habitants, selon l\u2019estimation officielle des Nations unies, qui y voit \u201cun important<\/p>\n","protected":false},"author":1,"featured_media":3277,"comment_status":"open","ping_status":"open","sticky":false,"template":"","format":"standard","meta":{"footnotes":""},"categories":[21],"tags":[],"class_list":["post-3276","post","type-post","status-publish","format-standard","has-post-thumbnail","hentry","category-societe"],"_links":{"self":[{"href":"https:\/\/dekkbi.com\/index.php?rest_route=\/wp\/v2\/posts\/3276","targetHints":{"allow":["GET"]}}],"collection":[{"href":"https:\/\/dekkbi.com\/index.php?rest_route=\/wp\/v2\/posts"}],"about":[{"href":"https:\/\/dekkbi.com\/index.php?rest_route=\/wp\/v2\/types\/post"}],"author":[{"embeddable":true,"href":"https:\/\/dekkbi.com\/index.php?rest_route=\/wp\/v2\/users\/1"}],"replies":[{"embeddable":true,"href":"https:\/\/dekkbi.com\/index.php?rest_route=%2Fwp%2Fv2%2Fcomments&post=3276"}],"version-history":[{"count":1,"href":"https:\/\/dekkbi.com\/index.php?rest_route=\/wp\/v2\/posts\/3276\/revisions"}],"predecessor-version":[{"id":3278,"href":"https:\/\/dekkbi.com\/index.php?rest_route=\/wp\/v2\/posts\/3276\/revisions\/3278"}],"wp:featuredmedia":[{"embeddable":true,"href":"https:\/\/dekkbi.com\/index.php?rest_route=\/wp\/v2\/media\/3277"}],"wp:attachment":[{"href":"https:\/\/dekkbi.com\/index.php?rest_route=%2Fwp%2Fv2%2Fmedia&parent=3276"}],"wp:term":[{"taxonomy":"category","embeddable":true,"href":"https:\/\/dekkbi.com\/index.php?rest_route=%2Fwp%2Fv2%2Fcategories&post=3276"},{"taxonomy":"post_tag","embeddable":true,"href":"https:\/\/dekkbi.com\/index.php?rest_route=%2Fwp%2Fv2%2Ftags&post=3276"}],"curies":[{"name":"wp","href":"https:\/\/api.w.org\/{rel}","templated":true}]}}