{"id":32734,"date":"2024-03-14T09:59:33","date_gmt":"2024-03-14T09:59:33","guid":{"rendered":"https:\/\/dekkbi.com\/?p=32734"},"modified":"2024-03-14T10:37:08","modified_gmt":"2024-03-14T10:37:08","slug":"des-temperatures-elevees-avec-des-pics-dans-des-regions-et-departements-du-sud-et-sud-est","status":"publish","type":"post","link":"https:\/\/dekkbi.com\/?p=32734","title":{"rendered":"Des temp\u00e9ratures \u00e9lev\u00e9es avec des pics dans le sud et sud-est"},"content":{"rendered":"\n<p>Dakar,  (APS) \u2013 Des temp\u00e9ratures \u00e9lev\u00e9es avec des pics de 43 \u00e0 44\u00b0C sont pr\u00e9vues dans la p\u00e9riode du 13 au 19 mars dans les r\u00e9gions de Kolda, S\u00e9dhiou et les d\u00e9partements de Tambacounda, Sal\u00e9mata, et K\u00e9dougou, a-t-on appris du Comit\u00e9 national climat et sant\u00e9 (CNCS).<\/p>\n\n\n\n<p>\u2018\u2019Ces temp\u00e9ratures atteindront des pics de 43 \u00e0 44\u00b0C dans Kolda et S\u00e9dhiou et les d\u00e9partements de Tambacounda, Sal\u00e9mata et K\u00e9dougou\u2019\u2019, indique ce comit\u00e9 dans un bulletin d\u2019alerte pr\u00e9coce de vagues de chaleur transmis \u00e0 l\u2019APS.<\/p>\n\n\n\n<p>Il signale que dans les r\u00e9gions centre (Diourbel, Fatick et Kaolack) et les d\u00e9partements de Birkilane et Kaffrine \u201ddes temp\u00e9ratures \u00e9lev\u00e9es de l\u2019ordre de 41 \u00e0 42\u00b0C sont pr\u00e9vues au cours de la m\u00eame p\u00e9riode\u2019\u2019.<\/p>\n\n\n\n<p>Le comit\u00e9 ajoute qu\u2019un risque mod\u00e9r\u00e9 d\u2019occurrence de vague de chaleur \u201dest de mise\u201d sur ces localit\u00e9s.<\/p>\n\n\n\n<p>Il pr\u00e9vient qu\u2019au plan sanitaire, \u201ddes coups de chaleur et un sentiment d\u2019inconfort seront probablement ressentis au cours de cette p\u00e9riode par les populations des r\u00e9gions de Thi\u00e8s, Louga, Diourbel, Fatick, Kaolack, Kaffrine, Ziguinchor, S\u00e9dhiou, Kolda, K\u00e9dougou, Tambacounda et Matam\u2019\u2019.<\/p>\n\n\n\n<p>Le CNCS recommande ainsi \u2018\u2019un suivi r\u00e9gulier des personnes vuln\u00e9rables et souffrant de pathologies chroniques (diab\u00e8te, maladie r\u00e9nale, HTA, affections respiratoires, etc.) vivant dans ces localit\u00e9s \u00e0 risque\u2019\u2019.<\/p>\n\n\n\n<p>Le bulletin d\u2019alerte pr\u00e9coce de vagues de chaleur est r\u00e9alis\u00e9 par le CNCS, compos\u00e9 de sp\u00e9cialistes de la Direction g\u00e9n\u00e9rale de la Sant\u00e9 et de l\u2019Agence nationale de l\u2019aviation civile et de la m\u00e9t\u00e9orologie (ANACIM).<\/p>\n\n\n\n<p>AB\/OID<\/p>\n","protected":false},"excerpt":{"rendered":"<p>Dakar, (APS) \u2013 Des temp\u00e9ratures \u00e9lev\u00e9es avec des pics de 43 \u00e0 44\u00b0C sont pr\u00e9vues dans la p\u00e9riode du 13<\/p>\n","protected":false},"author":1,"featured_media":32735,"comment_status":"open","ping_status":"open","sticky":false,"template":"","format":"standard","meta":{"footnotes":""},"categories":[26],"tags":[],"class_list":["post-32734","post","type-post","status-publish","format-standard","has-post-thumbnail","hentry","category-fait-divers"],"_links":{"self":[{"href":"https:\/\/dekkbi.com\/index.php?rest_route=\/wp\/v2\/posts\/32734","targetHints":{"allow":["GET"]}}],"collection":[{"href":"https:\/\/dekkbi.com\/index.php?rest_route=\/wp\/v2\/posts"}],"about":[{"href":"https:\/\/dekkbi.com\/index.php?rest_route=\/wp\/v2\/types\/post"}],"author":[{"embeddable":true,"href":"https:\/\/dekkbi.com\/index.php?rest_route=\/wp\/v2\/users\/1"}],"replies":[{"embeddable":true,"href":"https:\/\/dekkbi.com\/index.php?rest_route=%2Fwp%2Fv2%2Fcomments&post=32734"}],"version-history":[{"count":2,"href":"https:\/\/dekkbi.com\/index.php?rest_route=\/wp\/v2\/posts\/32734\/revisions"}],"predecessor-version":[{"id":32761,"href":"https:\/\/dekkbi.com\/index.php?rest_route=\/wp\/v2\/posts\/32734\/revisions\/32761"}],"wp:featuredmedia":[{"embeddable":true,"href":"https:\/\/dekkbi.com\/index.php?rest_route=\/wp\/v2\/media\/32735"}],"wp:attachment":[{"href":"https:\/\/dekkbi.com\/index.php?rest_route=%2Fwp%2Fv2%2Fmedia&parent=32734"}],"wp:term":[{"taxonomy":"category","embeddable":true,"href":"https:\/\/dekkbi.com\/index.php?rest_route=%2Fwp%2Fv2%2Fcategories&post=32734"},{"taxonomy":"post_tag","embeddable":true,"href":"https:\/\/dekkbi.com\/index.php?rest_route=%2Fwp%2Fv2%2Ftags&post=32734"}],"curies":[{"name":"wp","href":"https:\/\/api.w.org\/{rel}","templated":true}]}}