{"id":32727,"date":"2024-03-14T09:51:56","date_gmt":"2024-03-14T09:51:56","guid":{"rendered":"https:\/\/dekkbi.com\/?p=32727"},"modified":"2024-03-14T09:51:57","modified_gmt":"2024-03-14T09:51:57","slug":"communique-du-conseil-des-ministres-du-mercredi-13-mars-2024","status":"publish","type":"post","link":"https:\/\/dekkbi.com\/?p=32727","title":{"rendered":"COMMUNIQUE DU CONSEIL DES MINISTRES DU MERCREDI 13 MARS 2024"},"content":{"rendered":"\n<p>Le Conseil des ministres s\u2019est tenu ce mercredi 13 mars 2024 au Palais de la R\u00e9publique, sous la pr\u00e9sidence du Chef de l\u2019Etat, Son Excellence, Monsieur Macky SALL.<\/p>\n\n\n\n<p>A l\u2019entame de sa communication, le Pr\u00e9sident de la R\u00e9publique a adress\u00e9 ses chaleureuses f\u00e9licitations au Premier Ministre M. Sidiki Kaba nomm\u00e9 le 06 mars 2024.<\/p>\n\n\n\n<p>Le Chef de l\u2019Etat a, par ailleurs, f\u00e9licit\u00e9 et encourag\u00e9 les ministres reconduits et les ministres entrants du Gouvernement resserr\u00e9 mis en place le vendredi 08 mars 2024.<\/p>\n\n\n\n<p>Le Pr\u00e9sident de la R\u00e9publique a \u00e9galement rappel\u00e9 aux ministres l\u2019importance institutionnelle du Gouvernement, son r\u00f4le pr\u00e9pond\u00e9rant dans la mise en \u0153uvre de la Politique de la nation qu\u2019il a d\u00e9termin\u00e9e.<\/p>\n\n\n\n<p>En outre, le Chef de l\u2019Etat a rappel\u00e9 aux ministres le caract\u00e8re coll\u00e9gial et solidaire de l\u2019institution gouvernementale, avant de les inviter \u00e0 cultiver, \u00e0 chaque instant, les valeurs de la R\u00e9publique, dont la loyaut\u00e9 reste le fondement.<\/p>\n\n\n\n<p>Dans ce contexte \u00e9lectoral, le Pr\u00e9sident de la R\u00e9publique a demand\u00e9 au Premier Ministre et aux membres du Gouvernement d\u2019assurer une bonne organisation de l\u2019\u00e9lection pr\u00e9sidentielle du 24 mars 2024 et de poursuivre, dans la diligence et l\u2019efficacit\u00e9, en rapport avec le Ministre de l\u2019Economie, des Finances et du Plan, la gestion coh\u00e9rente et soutenable des projets sectoriels et programmes minist\u00e9riels conform\u00e9ment au PAP III du Plan S\u00e9n\u00e9gal Emergent (PSE) et aux orientations fix\u00e9es.<\/p>\n\n\n\n<p>Le Chef de l\u2019Etat a, enfin, demand\u00e9 au Premier Ministre de veiller avec les membres du Gouvernement au fonctionnement r\u00e9gulier des services publics durant la p\u00e9riode de la campagne \u00e9lectorale.<\/p>\n\n\n\n<p>Poursuivant sa communication sur l\u2019av\u00e8nement du ramadan et la veille strat\u00e9gique sur les prix et la disponibilit\u00e9 des produits, le Pr\u00e9sident de la R\u00e9publique a adress\u00e9 ses chaleureuses f\u00e9licitations \u00e0 la Oumah Islamique en ce d\u00e9but du mois b\u00e9ni de Ramadan.<br>En cette p\u00e9riode de pri\u00e8res et de ferveur religieuse, le Chef de l\u2019Etat a pri\u00e9 pour un S\u00e9n\u00e9gal de paix, de stabilit\u00e9 et de prosp\u00e9rit\u00e9 dans la solidarit\u00e9.<\/p>\n\n\n\n<p>Le Pr\u00e9sident de la R\u00e9publique a \u00e9galement demand\u00e9 au Gouvernement, notamment au Ministre en charge du Commerce et de la Consommation, de veiller \u00e0 l\u2019approvisionnement correct des march\u00e9s en denr\u00e9es et produits essentiels \u00e0 des prix accessibles aux consommateurs.<\/p>\n\n\n\n<p>Le Chef de l\u2019Etat a saisi l\u2019occasion de la c\u00e9l\u00e9bration de la Journ\u00e9e internationale des droits des consommateurs, ce 15 mars, pour f\u00e9liciter les personnes et associations qui travaillent aux c\u00f4t\u00e9s de l\u2019Etat, afin d\u2019am\u00e9liorer la protection des consommateurs et la qualit\u00e9 des produits mis \u00e0 la consommation.<\/p>\n\n\n\n<p>Revenant sur l\u2019\u00e9mergence du p\u00f4le urbain de Diamniadio et la maitrise strat\u00e9gique de son am\u00e9nagement et de son habitat, le Pr\u00e9sident de la R\u00e9publique s\u2019est f\u00e9licit\u00e9 du lancement le jeudi 07 mars, des travaux du projet \u00abDiamond Green City\u00bb, qui vont consolider la vocation de Diamniadio dans la transformation de l\u2019espace urbain et le d\u00e9ploiement du programme 100.000 logements.<\/p>\n\n\n\n<p>Dans cette perspective, le Chef de l\u2019Etat a demand\u00e9 au Ministre, Secr\u00e9taire g\u00e9n\u00e9ral de la Pr\u00e9sidence de la R\u00e9publique et au D\u00e9l\u00e9gu\u00e9 g\u00e9n\u00e9ral \u00e0 la Promotion des P\u00f4les urbains de Diamniadio et du Lac Rose, de finaliser un livre &#8211; bilan des projets publics et priv\u00e9s r\u00e9alis\u00e9s durant ces dix (10) ann\u00e9es au niveau du P\u00f4le urbain de Diamniadio.<br><br>Le Pr\u00e9sident de la R\u00e9publique a, \u00e9galement, rappel\u00e9 au Ministre des Collectivit\u00e9s territoriales, au Ministre de l\u2019Urbanisme, du Logement et de l\u2019Hygi\u00e8ne publique et au Ministre, Secr\u00e9taire g\u00e9n\u00e9ral de la Pr\u00e9sidence de la R\u00e9publique et au D\u00e9l\u00e9gu\u00e9 g\u00e9n\u00e9ral \u00e0 la Promotion des P\u00f4les urbains de Diamniadio et du Lac Rose, de finaliser le nouveau statut administratif du P\u00f4le urbain de Diamniadio.<br><br>Abordant la relance et le d\u00e9veloppement de l\u2019artisanat national, le Chef de l\u2019Etat a remerci\u00e9 et f\u00e9licit\u00e9 les artisans du S\u00e9n\u00e9gal, tous corps de m\u00e9tier confondus, pour leur savoir-faire et leurs efforts significatifs dans le cadre de l\u2019\u00e9mergence du S\u00e9n\u00e9gal, suite \u00e0 l\u2019audience qu\u2019il a accord\u00e9 ce 12 mars 2024 \u00e0 une d\u00e9l\u00e9gation de l\u2019Union nationale des Chambres des m\u00e9tiers du S\u00e9n\u00e9gal.<br><br>Le Pr\u00e9sident de la R\u00e9publique a demand\u00e9 au Premier Ministre et aux Ministres en charge des Finances, de l\u2019Artisanat et du Commerce, ainsi qu\u2019\u00e0 l\u2019ensemble des dispositifs d\u2019encadrement et de financement de l\u2019Etat (APDA, 3FPT, DER\/FJ, FONGIP&#8230;) de renforcer les ressources destin\u00e9es aux acteurs du secteur, en vue d\u2019accroitre la contribution de l\u2019Artisanat : (i) au d\u00e9veloppement de l\u2019apprentissage et de l\u2019insertion des jeunes ; (ii) \u00e0 la cr\u00e9ation de richesses et d\u2019emplois sur l\u2019\u00e9tendue du territoire national.<br><br>Le Chef de l\u2019Etat a, en outre, invit\u00e9 le Ministre de l\u2019Economie, des Finances et du Plan et le Ministre de la Formation professionnelle \u00e0 pr\u00e9senter la situation d\u2019ex\u00e9cution globale et les perspectives du Projet sur l\u2019Am\u00e9lioration de l\u2019Employabilit\u00e9 des Jeunes par l\u2019Apprentissage non- formel (PEJA).<br><br>Le Pr\u00e9sident de la R\u00e9publique a soulign\u00e9, par ailleurs, l\u2019urgence de poursuivre les actions de modernisation des Chambres des m\u00e9tiers et des espaces de production et de commercialisation des produits artisanaux dans les r\u00e9gions avec l\u2019\u00e9volution vers la cr\u00e9ation de zones de productions artisanales r\u00e9gionales et d\u00e9partementales (ZOPAR et ZOPAD).<br><br>Le Chef de l\u2019Etat a \u00e9galement demand\u00e9 au Premier Ministre d\u2019examiner les voies et moyens de consacrer une journ\u00e9e d\u00e9di\u00e9e \u00e0 l\u2019Artisanat pour c\u00e9l\u00e9brer le talent et le savoir-faire de nos artisans.<br><br>Enfin, le Chef de l\u2019Etat a demand\u00e9 la mise en place rapide d\u2019un Fonds de Financement de l\u2019Artisanat (2FA) et de soutenir, \u00e0 travers un Accord-cadre consensuel, l\u2019implication notable des artisans dans la territorialisation de l\u2019ex\u00e9cution de la commande publique en ce qui concerne les tenues scolaires, les table-bancs et le mobilier de bureau des structures publiques.<br><br>Sur le climat social, la gestion et le suivi des affaires int\u00e9rieures, le Chef de l\u2019Etat est revenu sur les sujets suivants :<br><strong>\u2022 le vote de la loi d\u2019amnistie,<\/strong>&nbsp;l\u2019apaisement et la stabilit\u00e9 nationale, en demandant au Gouvernement de proc\u00e9der sans d\u00e9lais, \u00e0 l\u2019application de la loi portant amnistie d\u00e8s sa promulgation, pour la consolidation de notre volont\u00e9 commune de r\u00e9conciliation nationale, indispensable \u00e0 l\u2019acc\u00e9l\u00e9ration de la marche r\u00e9solue du S\u00e9n\u00e9gal vers l\u2019\u00e9mergence ;<br><br><strong>\u2022 la consolidation de la paix et le d\u00e9veloppement durable de la r\u00e9gion naturelle de Casamance<\/strong>, en demandant au Gouvernement d\u2019accentuer le d\u00e9senclavement de la r\u00e9gion naturelle de Casamance, notamment l\u2019acc\u00e9l\u00e9ration de la finalisation de la RN4 (route S\u00e9noba\u2013Ziguinchor), la r\u00e9alisation d\u2019infrastructures socio\u00e9conomiques de base (routes, pistes, \u00e9coles, structures sanitaires), dans certaines zones et d\u2019appuyer la r\u00e9insertion sociale des populations de retour dans leurs localit\u00e9s.<\/p>\n\n\n\n<p>A cet effet, le Pr\u00e9sident de la R\u00e9publique a r\u00e9it\u00e9r\u00e9 ses instructions relatives \u00e0 la reprise, courant mars 2024, des liaisons maritimes Dakar-Ziguinchor, ainsi que sa d\u00e9termination constante \u00e0 \u0153uvrer avec toutes les parties prenantes pour une paix d\u00e9finitive et un d\u00e9veloppement \u00e9conomique et social durable des r\u00e9gions administratives de Ziguinchor, S\u00e9dhiou et Kolda.<br><br>Dans sa communication, le Premier Ministre a exprim\u00e9 sa profonde gratitude au Chef de l\u2019Etat pour la confiance qu\u2019il a voulu placer en sa personne pour conduire l\u2019action gouvernementale.<br><br>Le Premier Ministre a \u00e9galement f\u00e9licit\u00e9 l\u2019ensemble des ministres qui ont b\u00e9n\u00e9fici\u00e9 de la confiance du Pr\u00e9sident de la R\u00e9publique.<\/p>\n\n\n\n<p><strong>AU TITRE DES COMMUNICATIONS DES MINISTRES<\/strong><br>\u2022 le Ministre des Affaires \u00e9trang\u00e8res et des S\u00e9n\u00e9galais de l\u2019Ext\u00e9rieur a fait une communication sur la situation internationale ;<br>\u2022 le Ministre de l\u2019Agriculture, de l\u2019Equipement rural et de la Souverainet\u00e9 alimentaire a fait une communication sur le suivi de la campagne de commercialisation de l\u2019arachide 2023\/2024, la campagne de contre saison froide 2023\/2024, les exportations de produits horticoles et le mat\u00e9riel agricole ;<\/p>\n\n\n\n<p><strong>AU TITRE DES TEXTES LEGISLATIFS ET REGLEMENTAIRES<\/strong><br>Le Conseil a examin\u00e9 et adopt\u00e9 :<br>\u2022 le projet de d\u00e9cret fixant les tarifs du BRT ;<br>\u2022 le projet de d\u00e9cret modifiant le d\u00e9cret n\u00b0 2006-289 du 03 avril 2006 portant approbation des statuts de l\u2019Acad\u00e9mie des Sciences et Techniques du S\u00e9n\u00e9gal devenue Acad\u00e9mie nationale des Sciences et Techniques du S\u00e9n\u00e9gal (ANSTS).<\/p>\n\n\n\n<p><strong>AU TITRE DES MESURES INDIVIDUELLES<\/strong><\/p>\n\n\n\n<p>Le Pr\u00e9sident de la R\u00e9publique a pris les d\u00e9cisions suivantes :<br>\u2022\u00a0<strong>Monsieur Abdoulaye SAMB<\/strong>, Inspecteur Principal du Tr\u00e9sor, est nomm\u00e9 Secr\u00e9taire g\u00e9n\u00e9ral du Minist\u00e8re de l\u2019Economie, des Finances et du Plan, en charge des Finances et du Budget ;\u00a0<br>\u2022\u00a0<strong>Monsieur Alle Nar Diop<\/strong>, Inspecteur Principal du Tr\u00e9sor, est nomm\u00e9 Secr\u00e9taire g\u00e9n\u00e9ral du Minist\u00e8re de l\u2019Economie, des Finances et du Plan, en charge de l\u2019Economie, du Plan et de la Coop\u00e9ration ;<br>\u2022\u00a0<strong>Monsieur Fary SEYE<\/strong>\u00a0Administrateur civil principal, est nomm\u00e9 Secr\u00e9taire g\u00e9n\u00e9ral du Minist\u00e8re de l\u2019Education nationale, de l\u2019Enseignement Sup\u00e9rieur, de la Recherche et de l\u2019Innovation en charge de l\u2019Enseignement sup\u00e9rieur, de la Recherche et de l\u2019Innovation ;<br><strong>\u2022 Madame Khady DIOP MBODJI,<\/strong>\u00a0Inspecteur de l&rsquo;Education de classe exceptionnelle, est nomm\u00e9e Secr\u00e9taire g\u00e9n\u00e9rale du Minist\u00e8re de l\u2019Education nationale, de l\u2019Enseignement sup\u00e9rieur, de la Recherche et de l\u2019Innovation, en charge de l\u2019Education nationale ;<br>\u2022\u00a0<strong>Monsieur Di\u00e8ne NDIAYE<\/strong>, Ing\u00e9nieur des p\u00eaches et de l\u2019aquaculture, est nomm\u00e9 Secr\u00e9taire g\u00e9n\u00e9ral du Minist\u00e8re du Tourisme et des Sports, en charge du Tourisme ;<br>\u2022\u00a0<strong>Monsieur Paul DIONNE<\/strong>, Administrateur Civil de classe exceptionnelle est nomm\u00e9 Secr\u00e9taire g\u00e9n\u00e9ral du Minist\u00e8re du Tourisme et des Sports, en charge des Sports ;<br>\u2022\u00a0<strong>Monsieur El Hadj Ndiogou DIOUF<\/strong>, Economiste, est nomm\u00e9 Secr\u00e9taire g\u00e9n\u00e9ral du Minist\u00e8re de la Femme, de la Famille, de l\u2019Equit\u00e9 et du D\u00e9veloppement communautaire ;<br><strong>\u2022 Monsieur Fod\u00e9 FALL,<\/strong>\u00a0Administrateur civil, pr\u00e9c\u00e9demment Directeur de Cabinet du Ministre de l\u2019Environnement, du D\u00e9veloppement Durable et de la Transition \u00e9cologique, est nomm\u00e9 Secr\u00e9taire g\u00e9n\u00e9ral du Minist\u00e8re de l\u2019Environnement, du D\u00e9veloppement Durable et de la\u00a0Transition \u00e9cologique, en remplacement de Monsieur Amadou Lamine GUISSE, appel\u00e9 \u00e0<br>d\u2019autres fonctions ;<br>\u2022\u00a0<strong>Monsieur Habib L\u00e9on NDIAYE<\/strong>, Administrateur civil, pr\u00e9c\u00e9demment Secr\u00e9taire g\u00e9n\u00e9ral du Minist\u00e8re de la Culture et du Patrimoine historique, est nomm\u00e9 Secr\u00e9taire g\u00e9n\u00e9ral du Minist\u00e8re de la Culture, des Industries cr\u00e9atives, du Patrimoine historique et des Loisirs ;<br>\u2022\u00a0<strong>Monsieur Ousmane THIONGANE<\/strong>, titulaire d\u2019un Master 2 en Droit, Communication, Marketing et Num\u00e9rique, est nomm\u00e9 Pr\u00e9sident de la Commission des Donn\u00e9es personnelles (CDP), en remplacement de Madame Awa NDIAYE ;<br>\u2022\u00a0<strong>Monsieur Oumar BA,<\/strong>\u00a0Expert en D\u00e9centralisation et en D\u00e9veloppement territorial, est nomm\u00e9 Pr\u00e9sident du Conseil d\u2019Administration de la Soci\u00e9t\u00e9 nationale de Gestion du Patrimoine du Train Express R\u00e9gional (SENTER SA) ;<br>\u2022\u00a0<strong>Madame Mame Marie Ousmane NDIAYE<\/strong>, Architecte d\u2019int\u00e9rieur, est nomm\u00e9e Directeur du Paysage et des Espaces verts urbains au Minist\u00e8re de l\u2019Urbanisme, du Logement et de l\u2019Hygi\u00e8ne publique ;<br>\u2022\u00a0<strong>Madame Madeleine DIOUF SARR<\/strong>, Biologiste, ing\u00e9nieur environnementaliste, est nomm\u00e9e Directeur du Changement climatique, de la Transition \u00e9cologique et des Financements verts au Minist\u00e8re de l\u2019Environnement, du D\u00e9veloppement Durable et de la Transition \u00e9cologique.<br>\u2022\u00a0<strong>Monsieur Baba DRAME<\/strong>, Environnementaliste, est nomm\u00e9 Directeur de la R\u00e9glementation environnementale et du Contr\u00f4le au Minist\u00e8re de l\u2019Environnement, du D\u00e9veloppement Durable et de la Transition \u00e9cologique.<br><br>Fait \u00e0 Dakar, le 13 mars 2024<br>Le Ministre du Commerce, de la Consommation<br>et des Petites et moyennes Entreprises,<br>Porte-parole du Gouvernement<br><strong>Abdou Karim FOFANA<\/strong><\/p>\n","protected":false},"excerpt":{"rendered":"<p>Le Conseil des ministres s\u2019est tenu ce mercredi 13 mars 2024 au Palais de la R\u00e9publique, sous la pr\u00e9sidence du<\/p>\n","protected":false},"author":1,"featured_media":30945,"comment_status":"open","ping_status":"open","sticky":false,"template":"","format":"standard","meta":{"footnotes":""},"categories":[6],"tags":[],"class_list":["post-32727","post","type-post","status-publish","format-standard","has-post-thumbnail","hentry","category-politics"],"_links":{"self":[{"href":"https:\/\/dekkbi.com\/index.php?rest_route=\/wp\/v2\/posts\/32727","targetHints":{"allow":["GET"]}}],"collection":[{"href":"https:\/\/dekkbi.com\/index.php?rest_route=\/wp\/v2\/posts"}],"about":[{"href":"https:\/\/dekkbi.com\/index.php?rest_route=\/wp\/v2\/types\/post"}],"author":[{"embeddable":true,"href":"https:\/\/dekkbi.com\/index.php?rest_route=\/wp\/v2\/users\/1"}],"replies":[{"embeddable":true,"href":"https:\/\/dekkbi.com\/index.php?rest_route=%2Fwp%2Fv2%2Fcomments&post=32727"}],"version-history":[{"count":1,"href":"https:\/\/dekkbi.com\/index.php?rest_route=\/wp\/v2\/posts\/32727\/revisions"}],"predecessor-version":[{"id":32728,"href":"https:\/\/dekkbi.com\/index.php?rest_route=\/wp\/v2\/posts\/32727\/revisions\/32728"}],"wp:featuredmedia":[{"embeddable":true,"href":"https:\/\/dekkbi.com\/index.php?rest_route=\/wp\/v2\/media\/30945"}],"wp:attachment":[{"href":"https:\/\/dekkbi.com\/index.php?rest_route=%2Fwp%2Fv2%2Fmedia&parent=32727"}],"wp:term":[{"taxonomy":"category","embeddable":true,"href":"https:\/\/dekkbi.com\/index.php?rest_route=%2Fwp%2Fv2%2Fcategories&post=32727"},{"taxonomy":"post_tag","embeddable":true,"href":"https:\/\/dekkbi.com\/index.php?rest_route=%2Fwp%2Fv2%2Ftags&post=32727"}],"curies":[{"name":"wp","href":"https:\/\/api.w.org\/{rel}","templated":true}]}}