{"id":32705,"date":"2024-03-14T08:54:35","date_gmt":"2024-03-14T08:54:35","guid":{"rendered":"https:\/\/dekkbi.com\/?p=32705"},"modified":"2024-03-14T15:38:45","modified_gmt":"2024-03-14T15:38:45","slug":"sahara-offensive-sud-africaine-sur-le-ghana","status":"publish","type":"post","link":"https:\/\/dekkbi.com\/?p=32705","title":{"rendered":"Question du Sahara occidental: Offensive sud-africaine sur le Ghana"},"content":{"rendered":"\n<p>Le pr\u00e9sident Cyril Ramaphosa a inscrit la question du Sahara \u00e0 l\u2019ordre du jour du sommet Afrique du Sud-Ghana, \u00e0 Pretoria le mardi 12 mars. \u00abSur notre propre continent, la question du Sahara occidental reste en suspens. Alors que nous poursuivons nos propres objectifs de d\u00e9veloppement, nous sommes solidaires de tous ceux qui continuent de souffrir des effets de l\u2019occupation\u00bb, a-t-il soulign\u00e9 dans une\u00a0allocution\u00a0lors de la c\u00e9r\u00e9monie de l\u2019ouverture des travaux.<a target=\"_blank\" rel=\"noreferrer noopener\"><\/a><\/p>\n\n\n\n<p>\u00abLes chefs d\u2019Etat ont convenu d\u2019intensifier leur soutien \u00e0 la cause du Sahara occidental pour l&rsquo;autod\u00e9termination, la libert\u00e9 et la justice\u00bb, lit-on dans le point n\u00b010 de\u00a0la d\u00e9claration conjointe.<\/p>\n\n\n\n<p>Depuis sa prise de fonction, en janvier 2017, le pr\u00e9sident ghan\u00e9en Nana Akufo-Addo a adopt\u00e9 une neutralit\u00e9 positive sur la question du Sahara, tout en maintenant la reconnaissance de la \u00abRASD\u00bb, act\u00e9e par ses pr\u00e9d\u00e9cesseurs. Le Rwanda, l\u2019Ethiopie et le Nig\u00e9ria suivent aussi cette&nbsp;m\u00eame voie.<\/p>\n\n\n\n<p>En effet, la visite royale, du 17 f\u00e9vrier 2017 \u00e0 Accra, avait balis\u00e9 le terrain pour un rapprochement entre les deux pays. Ainsi au Conseil de s\u00e9curit\u00e9, en sa qualit\u00e9 de membre non-permanent entre 2022 et 2023, le Ghana a toujours vot\u00e9 en faveur des r\u00e9solutions prorogeant la mission de la MINURSO. En mai 2021, la ministre ghan\u00e9enne des Affaires \u00e9trang\u00e8res, Mme. Shirley Ayorkor Botchwey, avait lou\u00e9 les efforts du royaume en vue de parvenir \u00e0 une solution politique n\u00e9goci\u00e9e au diff\u00e9rend r\u00e9gional.<a href=\"https:\/\/popup.taboola.com\/en\/\" target=\"_blank\" rel=\"noreferrer noopener\"><\/a><\/p>\n\n\n\n<p>Cette offensive sud-africaine sur le Ghana intervient alors que l\u2019Alg\u00e9rie accentue sa pression sur la Sierre Leone, un Etat qui reconnait la marocanit\u00e9 du Sahara et a m\u00eame ouvert, en ao\u00fbt 2021, un consulat g\u00e9n\u00e9ral \u00e0 Dakhla. Apr\u00e8s la visite du pr\u00e9sident, Julius Maada Bio, \u00e0 Alger en janvier, et les entretiens, en marge du dernier sommet de l\u2019Union africaine, tenu en f\u00e9vrier \u00e0 Addis-Abeba, entre Ahmed Attaf et le vice-pr\u00e9sident de la Sierra L\u00e9one, Mohamed Juldeh Jalloh, c\u2019est au tour du chef de la diplomatie de la Sierra Leone, Musa Timothy Kabba, d\u2019effectuer, le 10 mars, un d\u00e9placement \u00e0 Alger. Officiellement, la visite est plac\u00e9e dans le cadre de la coordination des actions des deux pays au Conseil de s\u00e9curit\u00e9.<\/p>\n\n\n\n<p>Au lendemain de la visite de Staffan de Mistura \u00e0 Pretoria, l\u2019ambassadeur Omar Hilale&nbsp;<a href=\"https:\/\/www.yabiladi.com\/articles\/details\/146346\/omar-hilale-maroc-permettra-jamais.html\" target=\"_blank\" rel=\"noreferrer noopener\">avait d\u00e9clar\u00e9<\/a>&nbsp;que \u00able Maroc ne permettra jamais \u00e0 l\u2019Afrique du Sud, d\u2019avoir un quelconque r\u00f4le dans le dossier du Sahara marocain. Pretoria a \u00e9t\u00e9 et demeure toxique pour la question du Sahara marocain\u00bb.<\/p>\n","protected":false},"excerpt":{"rendered":"<p>Le pr\u00e9sident Cyril Ramaphosa a inscrit la question du Sahara \u00e0 l\u2019ordre du jour du sommet Afrique du Sud-Ghana, \u00e0<\/p>\n","protected":false},"author":1,"featured_media":32706,"comment_status":"open","ping_status":"open","sticky":false,"template":"","format":"standard","meta":{"footnotes":""},"categories":[51],"tags":[],"class_list":["post-32705","post","type-post","status-publish","format-standard","has-post-thumbnail","hentry","category-general"],"_links":{"self":[{"href":"https:\/\/dekkbi.com\/index.php?rest_route=\/wp\/v2\/posts\/32705","targetHints":{"allow":["GET"]}}],"collection":[{"href":"https:\/\/dekkbi.com\/index.php?rest_route=\/wp\/v2\/posts"}],"about":[{"href":"https:\/\/dekkbi.com\/index.php?rest_route=\/wp\/v2\/types\/post"}],"author":[{"embeddable":true,"href":"https:\/\/dekkbi.com\/index.php?rest_route=\/wp\/v2\/users\/1"}],"replies":[{"embeddable":true,"href":"https:\/\/dekkbi.com\/index.php?rest_route=%2Fwp%2Fv2%2Fcomments&post=32705"}],"version-history":[{"count":2,"href":"https:\/\/dekkbi.com\/index.php?rest_route=\/wp\/v2\/posts\/32705\/revisions"}],"predecessor-version":[{"id":32796,"href":"https:\/\/dekkbi.com\/index.php?rest_route=\/wp\/v2\/posts\/32705\/revisions\/32796"}],"wp:featuredmedia":[{"embeddable":true,"href":"https:\/\/dekkbi.com\/index.php?rest_route=\/wp\/v2\/media\/32706"}],"wp:attachment":[{"href":"https:\/\/dekkbi.com\/index.php?rest_route=%2Fwp%2Fv2%2Fmedia&parent=32705"}],"wp:term":[{"taxonomy":"category","embeddable":true,"href":"https:\/\/dekkbi.com\/index.php?rest_route=%2Fwp%2Fv2%2Fcategories&post=32705"},{"taxonomy":"post_tag","embeddable":true,"href":"https:\/\/dekkbi.com\/index.php?rest_route=%2Fwp%2Fv2%2Ftags&post=32705"}],"curies":[{"name":"wp","href":"https:\/\/api.w.org\/{rel}","templated":true}]}}