{"id":3269,"date":"2022-11-15T09:35:54","date_gmt":"2022-11-15T09:35:54","guid":{"rendered":"https:\/\/dekkbi.com\/?p=3269"},"modified":"2022-11-15T11:31:59","modified_gmt":"2022-11-15T11:31:59","slug":"les-mois-a-venir-seront-difficiles-pour-lukraine-avertit-le-chef-de-lotan","status":"publish","type":"post","link":"https:\/\/dekkbi.com\/?p=3269","title":{"rendered":"\u00ab\u00a0Les mois \u00e0 venir seront difficiles\u00a0\u00bb pour l&rsquo;Ukraine, avertit le chef de l&rsquo;OTAN"},"content":{"rendered":"\n<p>\u201cLes mois \u00e0 venir seront difficiles\u201d pour l\u2019Ukraine, a averti lundi le secr\u00e9taire g\u00e9n\u00e9ral de l\u2019Otan, Jens Stoltenberg, alors que le pays c\u00e9l\u00e8bre la lib\u00e9ration de Kherson, ville cl\u00e9 du sud du pays reprise aux Russes la semaine derni\u00e8re.<\/p>\n\n\n\n<p>Le retrait de la Russie de Kherson \u201cd\u00e9montre l\u2019incroyable courage des forces arm\u00e9es ukrainiennes\u201d, mais \u201cnous ne devons pas commettre l\u2019erreur de sous-estimer la Russie\u201d, a d\u00e9clar\u00e9 M. Stoltenberg lors d\u2019une conf\u00e9rence de presse \u00e0 La Haye, apr\u00e8s avoir discut\u00e9 avec le gouvernement n\u00e9erlandais.<\/p>\n\n\n\n<p>\u201cLes forces arm\u00e9es russes conservent des capacit\u00e9s importantes ainsi qu\u2019un grand nombre de soldats et la Russie a d\u00e9montr\u00e9 sa volont\u00e9 d\u2019assumer des pertes importantes\u201d, a ajout\u00e9 le chef de l\u2019OTAN.<\/p>\n\n\n\n<p>L\u2019arm\u00e9e russe, en difficult\u00e9 sur le terrain, a men\u00e9 ces derni\u00e8res semaines plusieurs vagues de frappes massives de missiles et drones kamikazes sur les infrastructures civiles ukrainiennes, notamment sur les r\u00e9seaux \u00e9nerg\u00e9tiques.<\/p>\n\n\n\n<p>Le pr\u00e9sident ukrainien Volodymyr Zelensky s\u2019est rendu lundi \u00e0 Kherson, assistant \u00e0 la lev\u00e9e du drapeau et chantant l\u2019hymne national, trois jours apr\u00e8s qu\u2019elle a \u00e9t\u00e9 reprise \u00e0 l\u2019arm\u00e9e russe apr\u00e8s des semaines de combats.<\/p>\n\n\n\n<p>Volodymyr Zelensky a accus\u00e9 dimanche soir les forces russes d\u2019avoir commis des \u201catrocit\u00e9s\u201d \u00e0 Kherson comme dans les autres r\u00e9gions lib\u00e9r\u00e9es pr\u00e9c\u00e9demment.<\/p>\n\n\n\n<p>Les forces arm\u00e9es \u201cont \u00e9galement fait preuve d\u2019une extr\u00eame brutalit\u00e9\u201d, a d\u00e9clar\u00e9 M. Stoltenberg.<\/p>\n\n\n\n<p>Le Kremlin a de son c\u00f4t\u00e9 continu\u00e9 d\u2019affirmer que la ville ukrainienne, officiellement annex\u00e9e en septembre au m\u00eame titre que la r\u00e9gion du m\u00eame nom, appartenait \u00e0 la Russie bien que ses troupes aient d\u00fb l\u2019abandonner.<\/p>\n\n\n\n<p>Kherson avait \u00e9t\u00e9 la premi\u00e8re grande ville et le seul centre r\u00e9gional \u00e0 tomber apr\u00e8s l\u2019invasion russe d\u00e9clench\u00e9e fin f\u00e9vrier. Et le retrait forc\u00e9 des troupes de Moscou face \u00e0 la pression de la contre-offensive ukrainienne a constitu\u00e9 un camouflet pour Vladimir Poutine, qui a ordonn\u00e9 la mobilisation de 300.000 r\u00e9servistes le mois dernier.<\/p>\n\n\n\n<p>M. Stoltenberg a rencontr\u00e9 le ministre n\u00e9erlandais des Affaires \u00e9trang\u00e8res Wopke Hoekstra et la ministre de la D\u00e9fense Kajsa Ollongren pour discuter de la contribution des Pays-Bas \u00e0 l\u2019OTAN et \u00e0 la guerre en Ukraine.<\/p>\n\n\n\n<p>\u201cL\u2019hiver arrive&#8230; et nous devons garder le cap\u201d, a d\u00e9clar\u00e9 Mme Kajsa Ollongren<\/p>\n","protected":false},"excerpt":{"rendered":"<p>\u201cLes mois \u00e0 venir seront difficiles\u201d pour l\u2019Ukraine, a averti lundi le secr\u00e9taire g\u00e9n\u00e9ral de l\u2019Otan, Jens Stoltenberg, alors que<\/p>\n","protected":false},"author":1,"featured_media":1902,"comment_status":"open","ping_status":"open","sticky":false,"template":"","format":"standard","meta":{"footnotes":""},"categories":[51],"tags":[],"class_list":["post-3269","post","type-post","status-publish","format-standard","has-post-thumbnail","hentry","category-general"],"_links":{"self":[{"href":"https:\/\/dekkbi.com\/index.php?rest_route=\/wp\/v2\/posts\/3269","targetHints":{"allow":["GET"]}}],"collection":[{"href":"https:\/\/dekkbi.com\/index.php?rest_route=\/wp\/v2\/posts"}],"about":[{"href":"https:\/\/dekkbi.com\/index.php?rest_route=\/wp\/v2\/types\/post"}],"author":[{"embeddable":true,"href":"https:\/\/dekkbi.com\/index.php?rest_route=\/wp\/v2\/users\/1"}],"replies":[{"embeddable":true,"href":"https:\/\/dekkbi.com\/index.php?rest_route=%2Fwp%2Fv2%2Fcomments&post=3269"}],"version-history":[{"count":1,"href":"https:\/\/dekkbi.com\/index.php?rest_route=\/wp\/v2\/posts\/3269\/revisions"}],"predecessor-version":[{"id":3271,"href":"https:\/\/dekkbi.com\/index.php?rest_route=\/wp\/v2\/posts\/3269\/revisions\/3271"}],"wp:featuredmedia":[{"embeddable":true,"href":"https:\/\/dekkbi.com\/index.php?rest_route=\/wp\/v2\/media\/1902"}],"wp:attachment":[{"href":"https:\/\/dekkbi.com\/index.php?rest_route=%2Fwp%2Fv2%2Fmedia&parent=3269"}],"wp:term":[{"taxonomy":"category","embeddable":true,"href":"https:\/\/dekkbi.com\/index.php?rest_route=%2Fwp%2Fv2%2Fcategories&post=3269"},{"taxonomy":"post_tag","embeddable":true,"href":"https:\/\/dekkbi.com\/index.php?rest_route=%2Fwp%2Fv2%2Ftags&post=3269"}],"curies":[{"name":"wp","href":"https:\/\/api.w.org\/{rel}","templated":true}]}}