{"id":32629,"date":"2024-03-13T10:20:15","date_gmt":"2024-03-13T10:20:15","guid":{"rendered":"https:\/\/dekkbi.com\/?p=32629"},"modified":"2024-03-13T10:20:15","modified_gmt":"2024-03-13T10:20:15","slug":"reintegration-de-sonko-dans-les-listes-electorales-letat-renonce-a-son-pourvoi","status":"publish","type":"post","link":"https:\/\/dekkbi.com\/?p=32629","title":{"rendered":"R\u00e9int\u00e9gration de Sonko dans les listes \u00e9lectorales : L\u2019\u00c9tat renonce \u00e0 son pourvoi"},"content":{"rendered":"\n<p><strong>Le feuilleton judiciaire entre l\u2019opposant Ousmane Sonko en prison et l\u2019Etat du S\u00e9n\u00e9gal a pris une nouvelle tournure, avec le renoncement par l\u2019Etat au pourvoi contre la r\u00e9int\u00e9gration de Ousmane Sonko dans les listes \u00e9lectorales. Une d\u00e9cision comment\u00e9e par l\u2019avocat de l\u2019opposant, Juan Branco, qui voit \u00e0 travers cette d\u00e9cision, la r\u00e9habilitation de son client dans un contexte de campagne \u00e9lectorale de la Pr\u00e9sidentielle.&nbsp;<\/strong><\/p>\n\n\n\n<p><strong>Par Amadou MBODJI \u2013\u00a0<\/strong>Le pourvoi contre l\u2019ordonnance num\u00e9ro 01 du 14 d\u00e9cembre 2023 n\u2019est plus d\u2019actualit\u00e9. L\u2019Etat a d\u00e9cid\u00e9 hier de renoncer \u00e0 ce pourvoi contre cette ordonnance rendue par le pr\u00e9sident du Tribunal d\u2019instance hors classe de Dakar\u00a0\u00a0\u00a0qui visait la r\u00e9habilitation du maire de Ziguinchor (Sud), Ousmane Sonko,\u00a0\u00a0sur les listes \u00e9lectorales. Dans une note adress\u00e9e au pr\u00e9sident de la Chambre administrative de la Cour supr\u00eame, l\u2019Agent judiciaire de l\u2019Etat (Aje), Yoro Moussa Diallo, indique que l\u2019Etat \u00abse d\u00e9siste du pourvoi\u00bb contre\u00a0\u00a0\u00a0cette dite ordonnance. Une d\u00e9cision qui fait r\u00e9agir Juan Branco, l\u2019avocat de M. Sonko. Selon lui, son client \u00abretrouve la pl\u00e9nitude de ses droits civiques\u00bb. \u00abL\u2019Etat du S\u00e9n\u00e9gal se d\u00e9siste de son pourvoi contre la d\u00e9cision de Dakar. La condamnation de Ousmane Sonko par contumace est donc d\u00e9finitivement an\u00e9antie. La condamnation pour diffamation \u00e9tant couverte par la loi d\u2019amnistie, le casier judiciaire de M. Sonko redevient vierge. M. Sonko sera r\u00e9inscrit sur les listes \u00e9lectorales \u00e0 date de promulgation de la loi d\u2019amnistie\u00bb, disserte Juan Branco.<\/p>\n\n\n\n<p><br><strong>ambodji@lequotidien.sn\u00a0\u00a0<\/strong><\/p>\n","protected":false},"excerpt":{"rendered":"<p>Le feuilleton judiciaire entre l\u2019opposant Ousmane Sonko en prison et l\u2019Etat du S\u00e9n\u00e9gal a pris une nouvelle tournure, avec le<\/p>\n","protected":false},"author":1,"featured_media":11764,"comment_status":"open","ping_status":"open","sticky":false,"template":"","format":"standard","meta":{"footnotes":""},"categories":[21],"tags":[],"class_list":["post-32629","post","type-post","status-publish","format-standard","has-post-thumbnail","hentry","category-societe"],"_links":{"self":[{"href":"https:\/\/dekkbi.com\/index.php?rest_route=\/wp\/v2\/posts\/32629","targetHints":{"allow":["GET"]}}],"collection":[{"href":"https:\/\/dekkbi.com\/index.php?rest_route=\/wp\/v2\/posts"}],"about":[{"href":"https:\/\/dekkbi.com\/index.php?rest_route=\/wp\/v2\/types\/post"}],"author":[{"embeddable":true,"href":"https:\/\/dekkbi.com\/index.php?rest_route=\/wp\/v2\/users\/1"}],"replies":[{"embeddable":true,"href":"https:\/\/dekkbi.com\/index.php?rest_route=%2Fwp%2Fv2%2Fcomments&post=32629"}],"version-history":[{"count":1,"href":"https:\/\/dekkbi.com\/index.php?rest_route=\/wp\/v2\/posts\/32629\/revisions"}],"predecessor-version":[{"id":32630,"href":"https:\/\/dekkbi.com\/index.php?rest_route=\/wp\/v2\/posts\/32629\/revisions\/32630"}],"wp:featuredmedia":[{"embeddable":true,"href":"https:\/\/dekkbi.com\/index.php?rest_route=\/wp\/v2\/media\/11764"}],"wp:attachment":[{"href":"https:\/\/dekkbi.com\/index.php?rest_route=%2Fwp%2Fv2%2Fmedia&parent=32629"}],"wp:term":[{"taxonomy":"category","embeddable":true,"href":"https:\/\/dekkbi.com\/index.php?rest_route=%2Fwp%2Fv2%2Fcategories&post=32629"},{"taxonomy":"post_tag","embeddable":true,"href":"https:\/\/dekkbi.com\/index.php?rest_route=%2Fwp%2Fv2%2Ftags&post=32629"}],"curies":[{"name":"wp","href":"https:\/\/api.w.org\/{rel}","templated":true}]}}