{"id":32612,"date":"2024-03-13T09:38:58","date_gmt":"2024-03-13T09:38:58","guid":{"rendered":"https:\/\/dekkbi.com\/?p=32612"},"modified":"2024-03-13T09:39:39","modified_gmt":"2024-03-13T09:39:39","slug":"pour-un-senegal-prospere-le-plein-emploi-productif-et-un-travail-decent-diomaye-ambitionne-de-reduire-la-pauvrete-sous-toutes-ses-formes","status":"publish","type":"post","link":"https:\/\/dekkbi.com\/?p=32612","title":{"rendered":"Pour un S\u00e9n\u00e9gal prosp\u00e8re, le plein emploi productif et un travail d\u00e9cent: Diomaye ambitionne de r\u00e9duire la pauvret\u00e9 sous toutes ses formes"},"content":{"rendered":"\n<h3 class=\"wp-block-heading\">La Coalition Diomaye-Pr\u00e9sident dans son programme pour une \u00e9conomie performante, promet aussi de r\u00e9duire la pauvret\u00e9 sous toutes ses formes, pour un S\u00e9n\u00e9gal prosp\u00e8re, le plein emploi productif et un travail d\u00e9cent : Cette volont\u00e9, selon leur programme, passe par la fiabilit\u00e9 des donn\u00e9es, le suivi \u00e9valuation et la restructuration des secteurs du travail et de l\u2019emploi, l\u2019\u00e9conomie sociale et solidaire pour le d\u00e9veloppement inclusif du S\u00e9n\u00e9gal, le d\u00e9veloppement communautaire et l\u2019\u00e9quit\u00e9 sociale et territoriale, mais aussi, le d\u00e9veloppement de la microfinance, un levier pour r\u00e9duire le ch\u00f4mage et la pauvret\u00e9. Plus en d\u00e9tails, voici ces 4 grands axes.<\/h3>\n\n\n\n<p>1 &#8211; la fiabilit\u00e9 des donn\u00e9es, le suivi \u00e9valuation et la restructuration des secteurs du travail et de l\u2019emploi<br>\u2022 Nous doterons l\u2019ANSD de moyens financiers et humains suffisants pour lui permettre de fournir des donn\u00e9es statistiques fiables afin de suivre et de corriger l\u2019\u00e9volution du secteur du travail et de l\u2019emploi des jeunes, des femmes et moins jeunes et de mesurer r\u00e9ellement la masse de jeunes qui arrivent sur le march\u00e9 du travail ;<\/p>\n\n\n\n<p>\u2022 Nous harmoniserons les agences gouvernementales autour de l\u2019entrepreneuriat et de l\u2019emploi des jeunes et augmenterons consid\u00e9rablement le budget du minist\u00e8re du travail et de l\u2019emploi ;<\/p>\n\n\n\n<p>\u2022 Nous cr\u00e9erons une seule agence gouvernementale portant les politiques d\u2019emploi d\u00e9nomm\u00e9e la Grande Agence Gouvernementale sur l\u2019Emploi et le Travail (GAGET) et un bureau du suivi-\u00e9valuation des politiques d\u2019emploi et de travail ;<\/p>\n\n\n\n<p>\u2022 Nous mettrons en place un ambitieux programme d\u2019accompagnement des jeunes dipl\u00f4m\u00e9s. Ce programme \u00ab Goungu\u00e9 \u00bb sera impl\u00e9ment\u00e9 par notre premier gouvernement afin d\u2019accompagner l\u2019insertion des dipl\u00f4m\u00e9s de l\u2019enseignement technique et la formation professionnelle et promouvoir l\u2019auto-emploi ;<\/p>\n\n\n\n<p>\u2022 Nous nous att\u00e8lerons \u00e0 la mise en place de la Maison des Entreprises R\u00e9gionales (MER) et des espaces de coworking des autoentrepreneurs et la cr\u00e9ation d\u2019un r\u00e9gime de protection et d\u2019assurance sociale des entrepreneurs ;<\/p>\n\n\n\n<p>\u2022 Nous faciliterons l\u2019acc\u00e8s \u00e0 l\u2019emploi des personnes handicap\u00e9es en combattant toute discrimination fond\u00e9e sur le handicap et en instituant, dans le d\u00e9cret d\u2019application de l\u2019article 29 de la Loi d\u2019orientation sociale, des mesures incitatives pour encourager les employeurs qui engagent des personnes handicap\u00e9es, ainsi que des mesures coercitives pour contraindre ceux qui ne respectent pas l\u2019obligation d\u2019emploi de personnes handicap\u00e9es pos\u00e9e par ladite loi ;<\/p>\n\n\n\n<p>\u2022 Nous encouragerons et accompagnerons les initiatives priv\u00e9es des personnes handicap\u00e9es en mati\u00e8re de cr\u00e9ation d\u2019entreprises individuelles, de petites et moyennes entreprises (PME), de coop\u00e9ratives de production et d\u2019entreprises adapt\u00e9es, tout en incitant les services de l\u2019\u00c9tat et des collectivit\u00e9s territoriales \u00e0 r\u00e9server une part de leurs march\u00e9s \u00e0 de telles entreprises.<\/p>\n\n\n\n<p>\u2022 Nous nous engageons \u00e0 instituer le fonds d\u2019appui qui aura \u00e9galement pour mission de favoriser l\u2019acc\u00e8s et le maintien dans l\u2019emploi des personnes handicap\u00e9es.<\/p>\n\n\n\n<p>2 &#8211; l\u2019\u00e9conomie sociale et solidaire pour le d\u00e9veloppement inclusif du S\u00e9n\u00e9gal<\/p>\n\n\n\n<p>\u2022 Nous lutterons contre la pauvret\u00e9, l\u2019exclusion et la vuln\u00e9rabilit\u00e9 afin de permettre \u00e0 toutes les couches de la population de mener une vie digne par la mise en place d\u2019un Programme National de Solidarit\u00e9 et la cr\u00e9ation d\u2019un Fonds National de Solidarit\u00e9 ;<\/p>\n\n\n\n<p>\u2022 Nous d\u00e9velopperons l\u2019approche coop\u00e9rative pour la cr\u00e9ation d\u2019emplois et l\u2019appui \u00e0 la production \u00e0 la base par la mise en place d\u2019un Programme de d\u00e9veloppement de l\u2019\u00c9conomie Sociale et Solidaire (ESS) pour la cr\u00e9ation de richesses imm\u00e9diates (PRECOSOL) ;<\/p>\n\n\n\n<p>\u2022 Nous institutionnaliserons l\u2019\u00c9conomie Sociale et Solidaire comme levier du d\u00e9veloppement durable et local participatif et int\u00e9gr\u00e9 au travers d\u2019une approche projet et partenariat public-priv\u00e9. Ceci passera par le Projet d\u2019Appui au d\u00e9veloppement Social Local par l\u2019ESS (PADESOL).<\/p>\n\n\n\n<p>3 &#8211; le d\u00e9veloppement communautaire et l\u2019\u00e9quit\u00e9 sociale et territoriale<\/p>\n\n\n\n<p>\u2022 Nous d\u00e9finirons une politique assortie d\u2019un cadre d\u2019intervention strat\u00e9gique et op\u00e9rationnel pour la promotion et l\u2019efficacit\u00e9 des initiatives de d\u00e9veloppement \u00e0 la base. Cela passe par le renforcement du Programme d\u2019urgence de D\u00e9veloppement communautaire ( PUDC) ;<\/p>\n\n\n\n<p>\u2022 Nous lancerons un projet unifi\u00e9 de cartographie et d\u2019orientation des infrastructures socio\u00e9conomiques de base (PUCIS) pour l\u2019ensemble des acteurs qui interviennent dans le d\u00e9veloppement local afin d\u2019assurer une rationalisation et une harmonisation des interventions \u00e0 la base ;<\/p>\n\n\n\n<p>\u2022 Nous renforcerons l\u2019appui technique des initiatives d\u2019auto-d\u00e9veloppement \u00e0 la base pour une meilleure intervention des parties prenantes.<\/p>\n\n\n\n<p>4 &#8211; le d\u00e9veloppement de la microfinance, un levier pour r\u00e9duire le ch\u00f4mage et la pauvret\u00e9<\/p>\n\n\n\n<p>\u2022 Nous mettrons en place un dispositif de couverture universelle de financement de la production et des acteurs du secteur informel \u00e0 travers un Fonds d\u2019appui \u00e0 la production des acteurs \u00e0 la base via un m\u00e9canisme de financement revolving de l\u2019\u00c9tat et un montant d\u00e9pos\u00e9 dans les institutions de microfinance pour un financement orient\u00e9 et cibl\u00e9 par l\u2019Etat ;<\/p>\n\n\n\n<p>\u2022 Nous cr\u00e9erons les conditions permettant de mettre en place une coop\u00e9rative de cr\u00e9dit communautaire dans les 8 p\u00f4les de d\u00e9veloppement \u00e9conomique, ce qui permettrait aux adh\u00e9rents d\u2019\u00eatre co-propri\u00e9taires et de veiller \u00e0 l\u2019\u00e9panouissement de ce projet ;<\/p>\n\n\n\n<p>\u2022 Nous mettrons en place un Fonds d\u2019impulsion et de promotion des initiatives entrepreneuriales pour octroyer des cr\u00e9dits pour le d\u00e9veloppement et la promotion des initiatives entrepreneuriales individuelles et collectives ;<\/p>\n\n\n\n<p>\u2022 Nous mettrons en place un projet d\u2019inclusion socio-\u00e9conomique sur le mod\u00e8le d\u2019\u00e9conomie r\u00e9elle de la microfinance islamique afin de promouvoir l\u2019acc\u00e8s \u00e0 un financement accessible \u00e0 toutes les cat\u00e9gories.<\/p>\n\n\n\n<p>MD &#8211; LERAL <\/p>\n","protected":false},"excerpt":{"rendered":"<p>La Coalition Diomaye-Pr\u00e9sident dans son programme pour une \u00e9conomie performante, promet aussi de r\u00e9duire la pauvret\u00e9 sous toutes ses formes,<\/p>\n","protected":false},"author":1,"featured_media":32415,"comment_status":"open","ping_status":"open","sticky":false,"template":"","format":"standard","meta":{"footnotes":""},"categories":[6],"tags":[],"class_list":["post-32612","post","type-post","status-publish","format-standard","has-post-thumbnail","hentry","category-politics"],"_links":{"self":[{"href":"https:\/\/dekkbi.com\/index.php?rest_route=\/wp\/v2\/posts\/32612","targetHints":{"allow":["GET"]}}],"collection":[{"href":"https:\/\/dekkbi.com\/index.php?rest_route=\/wp\/v2\/posts"}],"about":[{"href":"https:\/\/dekkbi.com\/index.php?rest_route=\/wp\/v2\/types\/post"}],"author":[{"embeddable":true,"href":"https:\/\/dekkbi.com\/index.php?rest_route=\/wp\/v2\/users\/1"}],"replies":[{"embeddable":true,"href":"https:\/\/dekkbi.com\/index.php?rest_route=%2Fwp%2Fv2%2Fcomments&post=32612"}],"version-history":[{"count":1,"href":"https:\/\/dekkbi.com\/index.php?rest_route=\/wp\/v2\/posts\/32612\/revisions"}],"predecessor-version":[{"id":32613,"href":"https:\/\/dekkbi.com\/index.php?rest_route=\/wp\/v2\/posts\/32612\/revisions\/32613"}],"wp:featuredmedia":[{"embeddable":true,"href":"https:\/\/dekkbi.com\/index.php?rest_route=\/wp\/v2\/media\/32415"}],"wp:attachment":[{"href":"https:\/\/dekkbi.com\/index.php?rest_route=%2Fwp%2Fv2%2Fmedia&parent=32612"}],"wp:term":[{"taxonomy":"category","embeddable":true,"href":"https:\/\/dekkbi.com\/index.php?rest_route=%2Fwp%2Fv2%2Fcategories&post=32612"},{"taxonomy":"post_tag","embeddable":true,"href":"https:\/\/dekkbi.com\/index.php?rest_route=%2Fwp%2Fv2%2Ftags&post=32612"}],"curies":[{"name":"wp","href":"https:\/\/api.w.org\/{rel}","templated":true}]}}