{"id":32544,"date":"2024-03-12T10:06:17","date_gmt":"2024-03-12T10:06:17","guid":{"rendered":"https:\/\/dekkbi.com\/?p=32544"},"modified":"2024-03-12T10:06:17","modified_gmt":"2024-03-12T10:06:17","slug":"debut-de-la-campagne-electorale-lintersyndicale-de-la-fonction-publique-suspend-sa-greve","status":"publish","type":"post","link":"https:\/\/dekkbi.com\/?p=32544","title":{"rendered":"D\u00e9but de la campagne \u00e9lectorale : L\u2019Intersyndicale de la Fonction publique suspend sa gr\u00e8ve"},"content":{"rendered":"\n<p><strong>L\u2019intersyndicale des travailleurs du secteur primaire, qui avait pr\u00e9vu une gr\u00e8ve de 72h, a d\u00e9cid\u00e9 d\u2019y surseoir jusqu\u2019apr\u00e8s la Pr\u00e9sidentielle.<\/strong><\/p>\n\n\n\n<p><strong>Par Justin GOMIS \u2013&nbsp;<\/strong>L\u2019intersyndicale des travailleurs du secteur primaire a d\u00e9cid\u00e9 de surseoir \u00e0 sa gr\u00e8ve g\u00e9n\u00e9rale.<\/p>\n\n\n\n<p>\u00abL\u2019intersyndicale des travailleurs du secteur primaire avait d\u00e9cid\u00e9 de tenir une Assembl\u00e9e g\u00e9n\u00e9rale, ce lundi 11 mars 2024, pour informer la base du plan d\u2019action qu\u2019elle compte d\u00e9rouler. Il s\u2019agit d\u2019une gr\u00e8ve g\u00e9n\u00e9rale de 72 heures renouvelables \u00e0 compter du mardi 12 mars sur toute l\u2019\u00e9tendue du territoire. Ainsi, apr\u00e8s la concertation des leaders, il est d\u00e9cid\u00e9 de surseoir \u00e0 ce plan d\u2019action, car nous sommes en p\u00e9riode \u00e9lectorale\u00bb, note le syndicat qui regroupe des fonctionnaires de l\u2019agriculture, de l\u2019\u00e9levage et de la p\u00eache.<\/p>\n\n\n\n<p>Ce report est li\u00e9 \u00e0 la Pr\u00e9sidentielle. \u00abEn effet, au-del\u00e0 de notre statut de syndicat qui est de d\u00e9fendre les int\u00e9r\u00eats mat\u00e9riels et moraux des travailleurs, nous sommes avant tout des citoyens et \u00e9lecteurs, et nous participerons \u00e0 cette \u00e9lection pr\u00e9sidentielle. Nous estimons que d\u00e9cr\u00e9ter une gr\u00e8ve g\u00e9n\u00e9rale dans ce contexte entra\u00eenera de lourdes cons\u00e9quences pour les usagers\u00bb, note Oumar Dram\u00e9, coordonnateur de l\u2019intersyndicale. Mais ce n\u2019est que partie remise.<br>\u00abC\u2019est pourquoi nous avons d\u00e9cid\u00e9 d\u2019observer une pause jusqu\u2019au lendemain de la d\u00e9signation du prochain pr\u00e9sident de la R\u00e9publique. Dans cette m\u00eame veine, nous allons rencontrer les candidats \u00e0 l\u2019\u00e9lection pr\u00e9sidentielle pour leur faire part de nos pr\u00e9occupations pour qu\u2019ils prennent des engagements sinc\u00e8res. Au demeurant, l\u2019intersyndicale pr\u00e9vient le prochain Pr\u00e9sident qui sera \u00e9lu qu\u2019il n\u2019aura pas de temps de gr\u00e2ce car le secteur primaire entend continuer le combat, et sa revendication se trouvera sur sa table une fois sa prise de fonction \u00e0 la magistrature supr\u00eame\u00bb, ajoute-t-il.<\/p>\n\n\n\n<p>Il faut savoir que les revendications de l\u2019intersyndicale des travailleurs du secteur primaire tournent autour de la concr\u00e9tisation du fonds commun du secteur primaire \u00e0 travers le protocole d\u2019accords sign\u00e9 le 1er d\u00e9cembre 2022 et l\u2019attribution de l\u2019indemnit\u00e9 de logement inscrite dans la plateforme revendicative de l\u2019intersyndicale depuis 2023.<\/p>\n\n\n\n<p><strong>justin@lequotidien.sn<\/strong><\/p>\n","protected":false},"excerpt":{"rendered":"<p>L\u2019intersyndicale des travailleurs du secteur primaire, qui avait pr\u00e9vu une gr\u00e8ve de 72h, a d\u00e9cid\u00e9 d\u2019y surseoir jusqu\u2019apr\u00e8s la Pr\u00e9sidentielle.<\/p>\n","protected":false},"author":1,"featured_media":32545,"comment_status":"open","ping_status":"open","sticky":false,"template":"","format":"standard","meta":{"footnotes":""},"categories":[21],"tags":[],"class_list":["post-32544","post","type-post","status-publish","format-standard","has-post-thumbnail","hentry","category-societe"],"_links":{"self":[{"href":"https:\/\/dekkbi.com\/index.php?rest_route=\/wp\/v2\/posts\/32544","targetHints":{"allow":["GET"]}}],"collection":[{"href":"https:\/\/dekkbi.com\/index.php?rest_route=\/wp\/v2\/posts"}],"about":[{"href":"https:\/\/dekkbi.com\/index.php?rest_route=\/wp\/v2\/types\/post"}],"author":[{"embeddable":true,"href":"https:\/\/dekkbi.com\/index.php?rest_route=\/wp\/v2\/users\/1"}],"replies":[{"embeddable":true,"href":"https:\/\/dekkbi.com\/index.php?rest_route=%2Fwp%2Fv2%2Fcomments&post=32544"}],"version-history":[{"count":1,"href":"https:\/\/dekkbi.com\/index.php?rest_route=\/wp\/v2\/posts\/32544\/revisions"}],"predecessor-version":[{"id":32546,"href":"https:\/\/dekkbi.com\/index.php?rest_route=\/wp\/v2\/posts\/32544\/revisions\/32546"}],"wp:featuredmedia":[{"embeddable":true,"href":"https:\/\/dekkbi.com\/index.php?rest_route=\/wp\/v2\/media\/32545"}],"wp:attachment":[{"href":"https:\/\/dekkbi.com\/index.php?rest_route=%2Fwp%2Fv2%2Fmedia&parent=32544"}],"wp:term":[{"taxonomy":"category","embeddable":true,"href":"https:\/\/dekkbi.com\/index.php?rest_route=%2Fwp%2Fv2%2Fcategories&post=32544"},{"taxonomy":"post_tag","embeddable":true,"href":"https:\/\/dekkbi.com\/index.php?rest_route=%2Fwp%2Fv2%2Ftags&post=32544"}],"curies":[{"name":"wp","href":"https:\/\/api.w.org\/{rel}","templated":true}]}}