{"id":3254,"date":"2022-11-14T12:35:22","date_gmt":"2022-11-14T12:35:22","guid":{"rendered":"https:\/\/dekkbi.com\/?p=3254"},"modified":"2022-11-14T12:35:23","modified_gmt":"2022-11-14T12:35:23","slug":"developpement-economique-les-operateurs-economiques-mettent-en-place-un-collectif","status":"publish","type":"post","link":"https:\/\/dekkbi.com\/?p=3254","title":{"rendered":"D\u00e9veloppement \u00e9conomique: Les op\u00e9rateurs \u00e9conomiques mettent en place un collectif"},"content":{"rendered":"\n<h3 class=\"wp-block-heading\">Le Collectif des acteurs pour le patriotisme \u00e9conomique au S\u00e9n\u00e9gal (CAPES), a \u00e9t\u00e9 mis en place pour soutenir l\u2019Etat dans sa politique pour le d\u00e9veloppement \u00e9conomique du pays. Selon leur secr\u00e9taire g\u00e9n\u00e9ral, Babacar Ndiaye, l\u2019objectif est de faire face aux impacts de la Covid-19, de la mondialisation et de la guerre en Ukraine.<\/h3>\n\n\n\n<p>R\u00e9dig\u00e9 par leral.net le Lundi 14 Novembre 2022 \u00e0 10:12 | |&nbsp;<a href=\"https:\/\/www.leral.net\/Developpement-economique-Les-operateurs-economiques-mettent-en-place-un-collectif_a339769.html?com#comments\">0<\/a>&nbsp;commentaire(s)|<\/p>\n\n\n\n<figure class=\"wp-block-image\"><img decoding=\"async\" src=\"https:\/\/www.leral.net\/photo\/art\/default\/68752870-48292339.jpg?v=1668418450\" alt=\"D\u00e9veloppement \u00e9conomique: Les op\u00e9rateurs \u00e9conomiques mettent en place un collectif\" title=\"D\u00e9veloppement \u00e9conomique: Les op\u00e9rateurs \u00e9conomiques mettent en place un collectif\"\/><\/figure>\n\n\n\n<p>https:\/\/www.facebook.com\/plugins\/like.php?href=https%3A%2F%2Fwww.leral.net%2FDeveloppement-economique-Les-operateurs-economiques-mettent-en-place-un-collectif_a339769.html&#038;layout=box_count&#038;show_faces=false&#038;width=100&#038;action=like&#038;colorscheme=lighthttps:\/\/platform.twitter.com\/widgets\/tweet_button.html?url=http%3A%2F%2Fxfru.it%2Flyk0yP&#038;counturl=https%3A%2F%2Fwww.leral.net%2FDeveloppement-economique-Les-operateurs-economiques-mettent-en-place-un-collectif_a339769.html&#038;text=D%C3%A9veloppement%20%C3%A9conomique%3A%20Les%20op%C3%A9rateurs%20%C3%A9conomiques%20mettent%20en%20place%20un%20collectif&#038;count=vertical<\/p>\n\n\n\n<p>https:\/\/googleads.g.doubleclick.net\/pagead\/ads?client=ca-pub-8327310497401434&#038;output=html&#038;h=151&#038;slotname=4133944451&#038;adk=3449163478&#038;adf=2293109552&#038;pi=t.ma~as.4133944451&#038;w=333&#038;lmt=1668428794&#038;rafmt=11&#038;format=333&#215;151&#038;url=https%3A%2F%2Fwww.leral.net%2FDeveloppement-economique-Les-operateurs-economiques-mettent-en-place-un-collectif_a339769.html&#038;wgl=1&#038;uach=WyJXaW5kb3dzIiwiMTAuMC4wIiwieDg2IiwiIiwiMTA3LjAuNTMwNC4xMDciLFtdLGZhbHNlLG51bGwsIjY0IixbWyJHb29nbGUgQ2hyb21lIiwiMTA3LjAuNTMwNC4xMDciXSxbIkNocm9taXVtIiwiMTA3LjAuNTMwNC4xMDciXSxbIk5vdD1BP0JyYW5kIiwiMjQuMC4wLjAiXV0sZmFsc2Vd&#038;dt=1668428768513&#038;bpp=185&#038;bdt=8799&#038;idt=4648&#038;shv=r20221109&#038;mjsv=m202211080101&#038;ptt=9&#038;saldr=aa&#038;abxe=1&#038;cookie=ID%3D6a31d8ef654f8a24-22beda5a8cd600a7%3AT%3D1667380244%3ART%3D1667380244%3AS%3DALNI_Ma_uwvl3VmpM0IbVJLRW8kaGG27sw&#038;gpic=UID%3D000005d2768d6847%3AT%3D1651574175%3ART%3D1668427790%3AS%3DALNI_MZdhL1-8DCifFvNaNOICcxCrKsuLg&#038;prev_fmts=0x0%2C673x90&#038;nras=1&#038;correlator=1156122026469&#038;frm=20&#038;pv=1&#038;ga_vid=102018152.1585474629&#038;ga_sid=1668428773&#038;ga_hid=1718203132&#038;ga_fc=1&#038;u_tz=0&#038;u_his=32&#038;u_h=409&#038;u_w=727&#038;u_ah=388&#038;u_aw=727&#038;u_cd=24&#038;u_sd=1.41&#038;dmc=4&#038;adx=3&#038;ady=708&#038;biw=947&#038;bih=358&#038;scr_x=0&#038;scr_y=0&#038;eid=44759876%2C44759927%2C44759837%2C44777877%2C42531705%2C44768832%2C44773614&#038;oid=2&#038;psts=AMjMPc2MfbVQKmj099Ko95drakHfi8LysGx8m89RAukUvGR9P_WeXR4ImQK7tum1SGeULWL7AtI3omoPbH8AGay4&#038;pvsid=2795891678866161&#038;tmod=344187607&#038;uas=0&#038;nvt=1&#038;ref=https%3A%2F%2Fwww.leral.net%2F&#038;eae=0&#038;fc=1920&#038;brdim=0%2C0%2C0%2C0%2C727%2C0%2C727%2C388%2C969%2C380&#038;vis=1&#038;rsz=%7C%7ClEebr%7C&#038;abl=CS&#038;pfx=0&#038;fu=1152&#038;bc=31&#038;ifi=3&#038;uci=a!3&#038;btvi=1&#038;fsb=1&#038;xpc=3H2YUQ2hiT&#038;p=https%3A\/\/www.leral.net&#038;dtd=26493<\/p>\n\n\n\n<p>La Covid-19 a fortement impact\u00e9 les entreprises s\u00e9n\u00e9galaises, en sus de la guerre en Ukraine. Pour faire face \u00e0 cette situation, les op\u00e9rateurs \u00e9conomiques ont mis en place le Collectif des acteurs pour le patriotisme \u00e9conomique au S\u00e9n\u00e9gal (CAPES). \u00ab&nbsp;<em>Ce collectif a \u00e9t\u00e9 cr\u00e9\u00e9 pour soutenir l\u2019Etat dans son d\u00e9veloppement \u00e9conomique, a fait savoir Babacar Ndiaye, le secr\u00e9taire g\u00e9n\u00e9ral de la structure, lors de son assembl\u00e9e g\u00e9n\u00e9rale constitutive. Notre structure regroupe des op\u00e9rateurs \u00e9conomiques issus de toutes les r\u00e9gions du pays, pour aider l\u2019Etat \u00e0 d\u00e9celer les probl\u00e8mes qui peuvent impacter le d\u00e9veloppement \u00e9conomique, pour qu\u2019il puisse rectifier.&nbsp;<\/em>\u00bb<\/p>\n\n\n\n<p>De leur avis, lui et ses coll\u00e8gues restent des sentinelles pour dire \u00e0 l\u2019Etat ce qui ne marche pas. \u00ab&nbsp;<em>La mise en place de notre collectif d\u00e9coule d\u2019un regard \u00e9valuatif sur bien des causes de dysfonctionnements de structures ayant pour ambitions initiales, de r\u00e9pondre aux probl\u00e9matiques du d\u00e9veloppement endog\u00e8ne. Il s\u2019appuie sur la vocation de favoriser plus qu\u2019une inclusion mais une int\u00e9gration par des dispositions de gouvernance, articulant implication et repr\u00e9sentation<\/em>&nbsp;\u00bb, tient-il \u00e0 pr\u00e9ciser.<\/p>\n\n\n\n<p>D&rsquo;apr\u00e8s \u00ab\u00a0Rewmi\u00a0\u00bb, Babacar Ndiaye r\u00e9clame toutefois, que les entreprises s\u00e9n\u00e9galaises aient acc\u00e8s aux march\u00e9s publics.<\/p>\n\n\n\n<p>https:\/\/googleads.g.doubleclick.net\/pagead\/ads?client=ca-pub-8327310497401434&#038;output=html&#038;h=280&#038;adk=3297276951&#038;adf=2655356913&#038;pi=t.aa~a.1134963687~i.12~rp.1&#038;w=668&#038;fwrn=4&#038;fwrnh=100&#038;lmt=1668428795&#038;num_ads=1&#038;rafmt=1&#038;armr=3&#038;sem=mc&#038;pwprc=4754385733&#038;ad_type=text_image&#038;format=668&#215;280&#038;url=https%3A%2F%2Fwww.leral.net%2FDeveloppement-economique-Les-operateurs-economiques-mettent-en-place-un-collectif_a339769.html&#038;fwr=0&#038;pra=3&#038;rh=167&#038;rw=668&#038;rpe=1&#038;resp_fmts=3&#038;wgl=1&#038;fa=27&#038;uach=WyJXaW5kb3dzIiwiMTAuMC4wIiwieDg2IiwiIiwiMTA3LjAuNTMwNC4xMDciLFtdLGZhbHNlLG51bGwsIjY0IixbWyJHb29nbGUgQ2hyb21lIiwiMTA3LjAuNTMwNC4xMDciXSxbIkNocm9taXVtIiwiMTA3LjAuNTMwNC4xMDciXSxbIk5vdD1BP0JyYW5kIiwiMjQuMC4wLjAiXV0sZmFsc2Vd&#038;dt=1668428774675&#038;bpp=138&#038;bdt=14960&#038;idt=139&#038;shv=r20221109&#038;mjsv=m202211080101&#038;ptt=9&#038;saldr=aa&#038;abxe=1&#038;cookie=ID%3D6a31d8ef654f8a24-22beda5a8cd600a7%3AT%3D1667380244%3ART%3D1667380244%3AS%3DALNI_Ma_uwvl3VmpM0IbVJLRW8kaGG27sw&#038;gpic=UID%3D000005d2768d6847%3AT%3D1651574175%3ART%3D1668427790%3AS%3DALNI_MZdhL1-8DCifFvNaNOICcxCrKsuLg&#038;prev_fmts=0x0%2C673x90%2C333x151&#038;nras=2&#038;correlator=1156122026469&#038;frm=20&#038;pv=1&#038;ga_vid=102018152.1585474629&#038;ga_sid=1668428773&#038;ga_hid=1718203132&#038;ga_fc=1&#038;u_tz=0&#038;u_his=32&#038;u_h=409&#038;u_w=727&#038;u_ah=388&#038;u_aw=727&#038;u_cd=24&#038;u_sd=1.41&#038;dmc=4&#038;adx=3&#038;ady=1180&#038;biw=947&#038;bih=358&#038;scr_x=0&#038;scr_y=0&#038;eid=44759876%2C44759927%2C44759837%2C44777877%2C42531705%2C44768832%2C44773614&#038;oid=2&#038;psts=AMjMPc2MfbVQKmj099Ko95drakHfi8LysGx8m89RAukUvGR9P_WeXR4ImQK7tum1SGeULWL7AtI3omoPbH8AGay4&#038;pvsid=2795891678866161&#038;tmod=344187607&#038;uas=0&#038;nvt=1&#038;ref=https%3A%2F%2Fwww.leral.net%2F&#038;eae=0&#038;fc=1408&#038;brdim=0%2C0%2C0%2C0%2C727%2C0%2C727%2C388%2C969%2C380&#038;vis=1&#038;rsz=%7C%7Cs%7C&#038;abl=NS&#038;fu=1152&#038;bc=31&#038;ifi=4&#038;uci=a!4&#038;btvi=2&#038;fsb=1&#038;xpc=0kz06j6EOj&#038;p=https%3A\/\/www.leral.net&#038;dtd=20455<\/p>\n\n\n\n<p>\u00ab&nbsp;<em>Ces march\u00e9s publics sont constitu\u00e9s des imp\u00f4ts des S\u00e9n\u00e9galais. Mais, les locaux doivent \u00eatre les premiers \u00e0 en profiter. Nous ne sommes pas dans la dynamique de chasser les soci\u00e9t\u00e9s \u00e9trang\u00e8res. Mais aux Etats-Unis, par exemple, ils vous disent \u201fAmerica First\u201d. En France, les normes mises en place ne permettent pas aux \u00e9trangers de s\u2019y implanter facilement&nbsp;<\/em>\u00bb, renseigne Babacar Ndiaye.<\/p>\n\n\n\n<p>Ousmane Wade<\/p>\n","protected":false},"excerpt":{"rendered":"<p>Le Collectif des acteurs pour le patriotisme \u00e9conomique au S\u00e9n\u00e9gal (CAPES), a \u00e9t\u00e9 mis en place pour soutenir l\u2019Etat dans<\/p>\n","protected":false},"author":1,"featured_media":3255,"comment_status":"open","ping_status":"open","sticky":false,"template":"","format":"standard","meta":{"footnotes":""},"categories":[6],"tags":[],"class_list":["post-3254","post","type-post","status-publish","format-standard","has-post-thumbnail","hentry","category-politics"],"_links":{"self":[{"href":"https:\/\/dekkbi.com\/index.php?rest_route=\/wp\/v2\/posts\/3254","targetHints":{"allow":["GET"]}}],"collection":[{"href":"https:\/\/dekkbi.com\/index.php?rest_route=\/wp\/v2\/posts"}],"about":[{"href":"https:\/\/dekkbi.com\/index.php?rest_route=\/wp\/v2\/types\/post"}],"author":[{"embeddable":true,"href":"https:\/\/dekkbi.com\/index.php?rest_route=\/wp\/v2\/users\/1"}],"replies":[{"embeddable":true,"href":"https:\/\/dekkbi.com\/index.php?rest_route=%2Fwp%2Fv2%2Fcomments&post=3254"}],"version-history":[{"count":1,"href":"https:\/\/dekkbi.com\/index.php?rest_route=\/wp\/v2\/posts\/3254\/revisions"}],"predecessor-version":[{"id":3256,"href":"https:\/\/dekkbi.com\/index.php?rest_route=\/wp\/v2\/posts\/3254\/revisions\/3256"}],"wp:featuredmedia":[{"embeddable":true,"href":"https:\/\/dekkbi.com\/index.php?rest_route=\/wp\/v2\/media\/3255"}],"wp:attachment":[{"href":"https:\/\/dekkbi.com\/index.php?rest_route=%2Fwp%2Fv2%2Fmedia&parent=3254"}],"wp:term":[{"taxonomy":"category","embeddable":true,"href":"https:\/\/dekkbi.com\/index.php?rest_route=%2Fwp%2Fv2%2Fcategories&post=3254"},{"taxonomy":"post_tag","embeddable":true,"href":"https:\/\/dekkbi.com\/index.php?rest_route=%2Fwp%2Fv2%2Ftags&post=3254"}],"curies":[{"name":"wp","href":"https:\/\/api.w.org\/{rel}","templated":true}]}}