{"id":32534,"date":"2024-03-12T09:59:55","date_gmt":"2024-03-12T09:59:55","guid":{"rendered":"https:\/\/dekkbi.com\/?p=32534"},"modified":"2024-03-12T09:59:55","modified_gmt":"2024-03-12T09:59:55","slug":"preparation-de-la-presidentielle-tout-nest-pas-encore-pret-revele-le-ministre-de-linterieur","status":"publish","type":"post","link":"https:\/\/dekkbi.com\/?p=32534","title":{"rendered":"Pr\u00e9paration de la pr\u00e9sidentielle : Tout n&rsquo;est pas encore pr\u00eat, r\u00e9v\u00e8le le ministre de l&rsquo;Int\u00e9rieur"},"content":{"rendered":"\n<p>Makhtar Ciss\u00e9, le nouveau ministre de l&rsquo;Int\u00e9rieur, a \u00e9t\u00e9 officiellement install\u00e9 ce lundi. L\u2019homme qui va organiser la pr\u00e9sidentielle, s\u2019est exprim\u00e9 sur ces joutes \u00e9lectorales. Il a fait un petit point sur les pr\u00e9paratifs.<\/p>\n\n\n\n<p>Durant la s\u00e9ance de passation de service, ce lundi, avec Me Sidiki Kaba, le nouveau ministre de l\u2019Int\u00e9rieur a fait le point sur le niveau de pr\u00e9paration du scrutin du 24 mars prochain. Makhtar Ciss\u00e9 a r\u00e9v\u00e9l\u00e9 que \u00able &nbsp;mat\u00e9riel est d\u00e9j\u00e0 achemin\u00e9, mais il reste encore quelques d\u00e9tails \u00e0 r\u00e9gler ici et au niveau des bureaux \u00e0 l\u2019\u00e9tranger\u00bb.<br><br>L\u2019ex-ministre du P\u00e9trole souligne, cependant, qu\u2019il n\u2019y a pas d\u2019inqui\u00e9tudes \u00e0 ce niveau. Il estime que notre pays a une forte tradition d\u2019organisation des \u00e9lections. L\u2019administration est assez efficace \u00e0 ce niveau, \u00abet ne m\u00e9nagera aucun effort pour l\u2019accomplissement de cette mission au profit de la d\u00e9mocratie s\u00e9n\u00e9galaise\u00bb, rassure-t-il.<br><br>L&rsquo;ex-ministre du P\u00e9trole demande aux diff\u00e9rents services de l\u2019Etat impliqu\u00e9s dans l\u2019organiser l\u2019\u00e9lection, \u00e0 garder le cap et \u00e0 travailler \u00e0 l\u2019organiser \u00e0 la perfection. Mais, il souligne qu\u2019aussi importante qu\u2019elle soit, cette \u00e9lection est juste un moment de notre vie nationale.<br><br>\u00abLe S\u00e9n\u00e9gal ne s\u2019arr\u00eatera pas parce qu\u2019il y a une \u00e9lection. Il continuera bien apr\u00e8s cette \u00e9lection. La R\u00e9publique saura compter, j\u2019en suis s\u00fbr, sur le patriotisme, le professionnalisme et le sens des responsabilit\u00e9s des hommes et des femmes qui composent cette administration\u00bb, indique-t-il, assurant que la Daf, la Dge et Cie, sont bien rod\u00e9es.<\/p>\n","protected":false},"excerpt":{"rendered":"<p>Makhtar Ciss\u00e9, le nouveau ministre de l&rsquo;Int\u00e9rieur, a \u00e9t\u00e9 officiellement install\u00e9 ce lundi. L\u2019homme qui va organiser la pr\u00e9sidentielle, s\u2019est<\/p>\n","protected":false},"author":1,"featured_media":32535,"comment_status":"open","ping_status":"open","sticky":false,"template":"","format":"standard","meta":{"footnotes":""},"categories":[6],"tags":[],"class_list":["post-32534","post","type-post","status-publish","format-standard","has-post-thumbnail","hentry","category-politics"],"_links":{"self":[{"href":"https:\/\/dekkbi.com\/index.php?rest_route=\/wp\/v2\/posts\/32534","targetHints":{"allow":["GET"]}}],"collection":[{"href":"https:\/\/dekkbi.com\/index.php?rest_route=\/wp\/v2\/posts"}],"about":[{"href":"https:\/\/dekkbi.com\/index.php?rest_route=\/wp\/v2\/types\/post"}],"author":[{"embeddable":true,"href":"https:\/\/dekkbi.com\/index.php?rest_route=\/wp\/v2\/users\/1"}],"replies":[{"embeddable":true,"href":"https:\/\/dekkbi.com\/index.php?rest_route=%2Fwp%2Fv2%2Fcomments&post=32534"}],"version-history":[{"count":1,"href":"https:\/\/dekkbi.com\/index.php?rest_route=\/wp\/v2\/posts\/32534\/revisions"}],"predecessor-version":[{"id":32536,"href":"https:\/\/dekkbi.com\/index.php?rest_route=\/wp\/v2\/posts\/32534\/revisions\/32536"}],"wp:featuredmedia":[{"embeddable":true,"href":"https:\/\/dekkbi.com\/index.php?rest_route=\/wp\/v2\/media\/32535"}],"wp:attachment":[{"href":"https:\/\/dekkbi.com\/index.php?rest_route=%2Fwp%2Fv2%2Fmedia&parent=32534"}],"wp:term":[{"taxonomy":"category","embeddable":true,"href":"https:\/\/dekkbi.com\/index.php?rest_route=%2Fwp%2Fv2%2Fcategories&post=32534"},{"taxonomy":"post_tag","embeddable":true,"href":"https:\/\/dekkbi.com\/index.php?rest_route=%2Fwp%2Fv2%2Ftags&post=32534"}],"curies":[{"name":"wp","href":"https:\/\/api.w.org\/{rel}","templated":true}]}}