{"id":3250,"date":"2022-11-14T12:08:08","date_gmt":"2022-11-14T12:08:08","guid":{"rendered":"https:\/\/dekkbi.com\/?p=3250"},"modified":"2022-11-14T12:08:21","modified_gmt":"2022-11-14T12:08:21","slug":"cooperation-portefeuille-de-la-banque-mondiale-au-senegal-pres-de-1750-milliards-ces-3-dernieres-annees","status":"publish","type":"post","link":"https:\/\/dekkbi.com\/?p=3250","title":{"rendered":"Coop\u00e9ration \u2013 Portefeuille de la Banque mondiale au S\u00e9n\u00e9gal : Pr\u00e8s de 1750 milliards ces 3 derni\u00e8res ann\u00e9es"},"content":{"rendered":"\n<p><strong>Pendant ces trois derni\u00e8res ann\u00e9es, le portefeuille de la Banque mondiale au S\u00e9n\u00e9gal a atteint un niveau jamais \u00e9gal\u00e9, avec un engagement total de pr\u00e8s de 3,5 milliards de dollars, soit pr\u00e8s de 1750 milliards de francs Cfa, a d\u00e9clar\u00e9 samedi, Nathan Belete. Le directeur des Op\u00e9rations de la Banque mondiale au S\u00e9n\u00e9gal, en Mauritanie, Gambie, Guin\u00e9e-Bissau et \u00e0 Cabo Verde pr\u00e9sentait ses adieux au Pr\u00e9sident Macky Sall.<\/strong><\/p>\n\n\n\n<p><strong>Par Dialigu\u00e9 FAYE \u2013<\/strong>&nbsp;Le partenariat entre le S\u00e9n\u00e9gal et la Banque mondiale se porte bien. D\u2019apr\u00e8s le directeur des Op\u00e9rations de l\u2019institution de Bretton Woods au S\u00e9n\u00e9gal, en Mauritanie, Gambie, Guin\u00e9e-Bissau et \u00e0 Cabo Verde, il \u00abest marqu\u00e9 par le sceau de l\u2019excellence\u00bb. En effet, explique Nathan Belete, \u00abpendant ces trois derni\u00e8res ann\u00e9es, gr\u00e2ce au travail des hauts fonctionnaires et techniciens s\u00e9n\u00e9galais, le portefeuille de la Banque mondiale au S\u00e9n\u00e9gal a atteint un niveau jamais \u00e9gal\u00e9, avec un engagement total de pr\u00e8s de 3,5 milliards de dollars\u00bb, soit pr\u00e8s de 1750 milliards de francs Cfa. Ce portefeuille, ajoute Nathan Belete, \u00abva faire un important bond, puisque nous sommes en train de finaliser un appui budg\u00e9taire et des projets d\u2019investissements dans plusieurs secteurs dont les logements sociaux, l\u2019acc\u00e9l\u00e9ration de l\u2019\u00e9conomie num\u00e9rique et un financement suppl\u00e9mentaire pour r\u00e9pondre \u00e0 l\u2019impact extraordinaire li\u00e9 aux inondations\u00bb, notamment le Projet de gestion des eaux pluviales (Progep-2).<\/p>\n\n\n\n<p>\u00abLe bureau de la Banque \u00e0 Dakar a d\u2019ailleurs suivi cette \u00e9volution avec une augmentation de plus de 50% de notre staff bas\u00e9 \u00e0 Dakar.\u00bb<\/p>\n\n\n\n<p>Le fonctionnaire international pr\u00e9sentait samedi, ses adieux au Pr\u00e9sident Macky Sall, au terme de son s\u00e9jour au S\u00e9n\u00e9gal, depuis le 1er juillet 2019.<\/p>\n\n\n\n<p>\u00abPendant mon s\u00e9jour, j\u2019ai \u00e9t\u00e9 impressionn\u00e9 par la mobilisation du pays et de son gouvernement pour faire face \u00e0 des crises majeures dont celles li\u00e9es au Covid-19, aux inondations, et \u00e0 l\u2019inflation cr\u00e9\u00e9e par la guerre en Ukraine. Ce sont autant de crises qui entra\u00eenent des choix budg\u00e9taires tr\u00e8s difficiles et avec le Pr\u00e9sident, nous avons abord\u00e9 tous ces d\u00e9fis li\u00e9s \u00e0 la gestion macro\u00e9conomique, budg\u00e9taire et de la dette.\u00bb Il s\u2019est \u00e9galement r\u00e9joui du \u00abdynamisme des jeunes et des femmes\u00bb et dit \u00eatre convaincu que \u00abla Banque mondiale va intensifier son soutien au renforcement du capital humain, car c\u2019est une des voies p\u00e9rennes sur laquelle peut compter un pays comme le S\u00e9n\u00e9gal pour accro\u00eetre l\u2019employabilit\u00e9 des jeunes\u00bb. Il consid\u00e8re ainsi que \u00able gouvernement du S\u00e9n\u00e9gal, tout en r\u00e9pondant \u00e0 l\u2019impact de la crise ukrainienne sur les prix des denr\u00e9es alimentaires et de l\u2019\u00e9nergie, va veiller sur l\u2019importance de la consolidation budg\u00e9taire et de la gestion transparente de la dette, tout en poursuivant les r\u00e9formes structurelles\u00bb.<\/p>\n\n\n\n<p>Nathan Belete a \u00e9t\u00e9 \u00e9lev\u00e9 au rang de Commandeur de l\u2019Ordre national du Lion par le chef de l\u2019Etat s\u00e9n\u00e9galais.<\/p>\n\n\n\n<p><br><strong>dialigue@lequotidien.sn<\/strong><\/p>\n","protected":false},"excerpt":{"rendered":"<p>Pendant ces trois derni\u00e8res ann\u00e9es, le portefeuille de la Banque mondiale au S\u00e9n\u00e9gal a atteint un niveau jamais \u00e9gal\u00e9, avec<\/p>\n","protected":false},"author":1,"featured_media":3251,"comment_status":"open","ping_status":"open","sticky":false,"template":"","format":"standard","meta":{"footnotes":""},"categories":[6],"tags":[],"class_list":["post-3250","post","type-post","status-publish","format-standard","has-post-thumbnail","hentry","category-politics"],"_links":{"self":[{"href":"https:\/\/dekkbi.com\/index.php?rest_route=\/wp\/v2\/posts\/3250","targetHints":{"allow":["GET"]}}],"collection":[{"href":"https:\/\/dekkbi.com\/index.php?rest_route=\/wp\/v2\/posts"}],"about":[{"href":"https:\/\/dekkbi.com\/index.php?rest_route=\/wp\/v2\/types\/post"}],"author":[{"embeddable":true,"href":"https:\/\/dekkbi.com\/index.php?rest_route=\/wp\/v2\/users\/1"}],"replies":[{"embeddable":true,"href":"https:\/\/dekkbi.com\/index.php?rest_route=%2Fwp%2Fv2%2Fcomments&post=3250"}],"version-history":[{"count":1,"href":"https:\/\/dekkbi.com\/index.php?rest_route=\/wp\/v2\/posts\/3250\/revisions"}],"predecessor-version":[{"id":3252,"href":"https:\/\/dekkbi.com\/index.php?rest_route=\/wp\/v2\/posts\/3250\/revisions\/3252"}],"wp:featuredmedia":[{"embeddable":true,"href":"https:\/\/dekkbi.com\/index.php?rest_route=\/wp\/v2\/media\/3251"}],"wp:attachment":[{"href":"https:\/\/dekkbi.com\/index.php?rest_route=%2Fwp%2Fv2%2Fmedia&parent=3250"}],"wp:term":[{"taxonomy":"category","embeddable":true,"href":"https:\/\/dekkbi.com\/index.php?rest_route=%2Fwp%2Fv2%2Fcategories&post=3250"},{"taxonomy":"post_tag","embeddable":true,"href":"https:\/\/dekkbi.com\/index.php?rest_route=%2Fwp%2Fv2%2Ftags&post=3250"}],"curies":[{"name":"wp","href":"https:\/\/api.w.org\/{rel}","templated":true}]}}