{"id":32436,"date":"2024-03-11T10:11:28","date_gmt":"2024-03-11T10:11:28","guid":{"rendered":"https:\/\/dekkbi.com\/?p=32436"},"modified":"2024-03-11T10:11:29","modified_gmt":"2024-03-11T10:11:29","slug":"letat-toujours-sans-reagir-lintersyndicale-des-travailleurs-des-collectivites-territoriales-du-senegal-encore-en-greve","status":"publish","type":"post","link":"https:\/\/dekkbi.com\/?p=32436","title":{"rendered":"L\u2019\u00e9tat toujours sans r\u00e9agir: L\u2019Intersyndicale des travailleurs des collectivit\u00e9s territoriales du S\u00e9n\u00e9gal encore en gr\u00e8ve"},"content":{"rendered":"\n<h3 class=\"wp-block-heading\">L\u2019Intersyndicale des travailleurs des collectivit\u00e9s territoriales a encore d\u00e9cr\u00e8te un nouveau mot d&rsquo;ordre de gr\u00e8ve pour de 96 heures.<\/h3>\n\n\n\n<p>Cette nouvelle a \u00e9t\u00e9 annonc\u00e9e hier soulignant que \u00ab sans aucune r\u00e9action de la part du gouvernement apr\u00e8s l&rsquo;ex\u00e9cution de la gr\u00e8ve de 96 heures qui prend fin ce vendredi 08 mars 2024, les travailleurs des collectivit\u00e9s territoriales du S\u00e9n\u00e9gal manifestent leur d\u00e9termination \u00e0 continuer la lutte \u00bb<\/p>\n\n\n\n<p>L&rsquo;intersyndicale tout en r\u00e9affirmant son attachement \u00e0 la paix et \u00e0 la stabilit\u00e9 sociales, d\u00e9nonce vigoureusement cette passivit\u00e9 doubl\u00e9e d&rsquo;un mutisme de nos partenaires du gouvernement, qui ne font qu&rsquo;amplifier la crise.<\/p>\n\n\n\n<p>M\u00eame si elle renouvelle \u00e9galement son invitation au gouvernement de diligenter le processus de r\u00e8glement de la crise, malgr\u00e9 le remaniement minist\u00e9riel survenu ce jour, et d\u00e9cr\u00e8te un nouveau mot d&rsquo;ordre de gr\u00e8ve pour de 96 heures<\/p>\n\n\n\n<p>Mardi 12, Mercredi 13, Jeudi 14 et Vendredi 15 mars 2024 sur l&rsquo;\u00e9tendue du territoire national.<\/p>\n\n\n\n<p>Enfin, elle demande aux travailleurs le port du brassard rouge le lundi 18 mars 2024 et un d\u00e9brayage \u00e0 partir de 10 heures.<\/p>\n","protected":false},"excerpt":{"rendered":"<p>L\u2019Intersyndicale des travailleurs des collectivit\u00e9s territoriales a encore d\u00e9cr\u00e8te un nouveau mot d&rsquo;ordre de gr\u00e8ve pour de 96 heures. Cette<\/p>\n","protected":false},"author":1,"featured_media":12529,"comment_status":"open","ping_status":"open","sticky":false,"template":"","format":"standard","meta":{"footnotes":""},"categories":[26],"tags":[],"class_list":["post-32436","post","type-post","status-publish","format-standard","has-post-thumbnail","hentry","category-fait-divers"],"_links":{"self":[{"href":"https:\/\/dekkbi.com\/index.php?rest_route=\/wp\/v2\/posts\/32436","targetHints":{"allow":["GET"]}}],"collection":[{"href":"https:\/\/dekkbi.com\/index.php?rest_route=\/wp\/v2\/posts"}],"about":[{"href":"https:\/\/dekkbi.com\/index.php?rest_route=\/wp\/v2\/types\/post"}],"author":[{"embeddable":true,"href":"https:\/\/dekkbi.com\/index.php?rest_route=\/wp\/v2\/users\/1"}],"replies":[{"embeddable":true,"href":"https:\/\/dekkbi.com\/index.php?rest_route=%2Fwp%2Fv2%2Fcomments&post=32436"}],"version-history":[{"count":1,"href":"https:\/\/dekkbi.com\/index.php?rest_route=\/wp\/v2\/posts\/32436\/revisions"}],"predecessor-version":[{"id":32437,"href":"https:\/\/dekkbi.com\/index.php?rest_route=\/wp\/v2\/posts\/32436\/revisions\/32437"}],"wp:featuredmedia":[{"embeddable":true,"href":"https:\/\/dekkbi.com\/index.php?rest_route=\/wp\/v2\/media\/12529"}],"wp:attachment":[{"href":"https:\/\/dekkbi.com\/index.php?rest_route=%2Fwp%2Fv2%2Fmedia&parent=32436"}],"wp:term":[{"taxonomy":"category","embeddable":true,"href":"https:\/\/dekkbi.com\/index.php?rest_route=%2Fwp%2Fv2%2Fcategories&post=32436"},{"taxonomy":"post_tag","embeddable":true,"href":"https:\/\/dekkbi.com\/index.php?rest_route=%2Fwp%2Fv2%2Ftags&post=32436"}],"curies":[{"name":"wp","href":"https:\/\/api.w.org\/{rel}","templated":true}]}}