{"id":32433,"date":"2024-03-11T10:10:30","date_gmt":"2024-03-11T10:10:30","guid":{"rendered":"https:\/\/dekkbi.com\/?p=32433"},"modified":"2024-03-11T10:10:30","modified_gmt":"2024-03-11T10:10:30","slug":"demarrage-de-la-presidentielle-2024-adha-appelle-a-une-campagne-electorale-apaisee","status":"publish","type":"post","link":"https:\/\/dekkbi.com\/?p=32433","title":{"rendered":"D\u00e9marrage de la Pr\u00e9sidentielle 2024 : ADHA appelle \u00e0 une campagne \u00e9lectorale apais\u00e9e"},"content":{"rendered":"\n<h3 class=\"wp-block-heading\">L&rsquo;ONG Action pour les Droits Humains et l\u2019Amiti\u00e9 (ADHA) appelle tous les acteurs \u00e0 jouer v\u00e9ritablement leur r\u00f4le de contribution \u00e0 la paix sociale et au bon d\u00e9roulement du processus \u00e9lectoral, allant des inscriptions sur les listes \u00e9lectorales \u00e0 la proclamation des r\u00e9sultats.<\/h3>\n\n\n\n<p>\u00ab Faisant suite au d\u00e9cret n\u00b02024-690 fixant la date de l&rsquo;\u00e9lection pr\u00e9sidentielle au dimanche 24 mars 2024, au d\u00e9cret n\u00b02024-691 portant convocation du corps \u00e9lectoral et au d\u00e9cret n\u00b02024-704 fixant la p\u00e9riode de la campagne \u00e9lectorale pour l&rsquo;\u00e9lection pr\u00e9sidentielle du 24 mars entre le samedi 09 mars \u00e0 z\u00e9ro heure et le vendredi 22 mars 2024 \u00e0 minuit, les S\u00e9n\u00e9galais sont appel\u00e9s \u00e0 \u00e9lire leur Pr\u00e9sident au soir du 24 mars 2024.<\/p>\n\n\n\n<p>\u00c0 cet effet, l\u2019Action pour les Droits Humains et l\u2019Amiti\u00e9 (ADHA) se r\u00e9jouit de cette issue heureuse conduisant in\u00e9luctablement vers l\u2019organisation des \u00e9lections avant la date d\u2019expiration du mandat du Pr\u00e9sident de la R\u00e9publique, telle que pr\u00e9vue par la constitution et rappel\u00e9e par le Conseil constitutionnel \u00e0 travers ses d\u00e9cisions n\u00b01\/C\/2024 et n\u00b06\/E\/2024. \u00bb Informe l\u2019ONG dans un communiqu\u00e9<\/p>\n\n\n\n<p>ADHA tient par ailleurs \u00e0 rendre un vibrant hommage au Conseil Constitutionnel qui a jou\u00e9 un grand r\u00f4le dans la stabilisation des institutions et la continuit\u00e9 de l&rsquo;\u00c9tat. Ainsi, elle appelle tous les acteurs \u00e0 agir avec responsabilit\u00e9, tol\u00e9rance et le respect des divergences d\u2019opinions dans le cadre de la campagne \u00e9lectorale.<\/p>\n\n\n\n<p>L\u2019 ONG ADHA invite enfin les candidats d\u00e9sireux d\u2019attaquer le d\u00e9cret du Pr\u00e9sident de la R\u00e9publique devant la Cour supr\u00eame, \u00e0 abandonner cette action, pour d\u2019abord \u00e9viter une cascade de recours et ensuite, pour rappeler que toute action tendant \u00e0 censurer ce d\u00e9cret sera vaine, en ce sens que le Conseil Constitutionnel a d\u00e9j\u00e0 rappel\u00e9 qu\u2019il lui appartenait d\u2019examiner les recours contre les actes administratifs relatifs aux \u00e9lections, dans le cadre de l\u2019exercice de sa pl\u00e9nitude de juridiction concernant la mati\u00e8re \u00e9lectorale. Alors que ce m\u00eame conseil a d\u00e9j\u00e0 ent\u00e9rin\u00e9 ce d\u00e9cret par l\u2019acceptation du d\u00e9cret n\u00b02024-690.<\/p>\n\n\n\n<p>\u00ab Pour finir, l\u2019Action pour les Droits Humains et l\u2019Amiti\u00e9 appelle tous les acteurs \u00e0 jouer v\u00e9ritablement leur r\u00f4le de contribution \u00e0 la paix sociale et au bon d\u00e9roulement du processus \u00e9lectoral, allant des inscriptions sur les listes \u00e9lectorales \u00e0 la proclamation des r\u00e9sultats. \u00bb Conclut son Bureau ex\u00e9cutif.<\/p>\n\n\n\n<p>SOURCE LERAL<\/p>\n","protected":false},"excerpt":{"rendered":"<p>L&rsquo;ONG Action pour les Droits Humains et l\u2019Amiti\u00e9 (ADHA) appelle tous les acteurs \u00e0 jouer v\u00e9ritablement leur r\u00f4le de contribution<\/p>\n","protected":false},"author":1,"featured_media":32434,"comment_status":"open","ping_status":"open","sticky":false,"template":"","format":"standard","meta":{"footnotes":""},"categories":[21],"tags":[],"class_list":["post-32433","post","type-post","status-publish","format-standard","has-post-thumbnail","hentry","category-societe"],"_links":{"self":[{"href":"https:\/\/dekkbi.com\/index.php?rest_route=\/wp\/v2\/posts\/32433","targetHints":{"allow":["GET"]}}],"collection":[{"href":"https:\/\/dekkbi.com\/index.php?rest_route=\/wp\/v2\/posts"}],"about":[{"href":"https:\/\/dekkbi.com\/index.php?rest_route=\/wp\/v2\/types\/post"}],"author":[{"embeddable":true,"href":"https:\/\/dekkbi.com\/index.php?rest_route=\/wp\/v2\/users\/1"}],"replies":[{"embeddable":true,"href":"https:\/\/dekkbi.com\/index.php?rest_route=%2Fwp%2Fv2%2Fcomments&post=32433"}],"version-history":[{"count":1,"href":"https:\/\/dekkbi.com\/index.php?rest_route=\/wp\/v2\/posts\/32433\/revisions"}],"predecessor-version":[{"id":32435,"href":"https:\/\/dekkbi.com\/index.php?rest_route=\/wp\/v2\/posts\/32433\/revisions\/32435"}],"wp:featuredmedia":[{"embeddable":true,"href":"https:\/\/dekkbi.com\/index.php?rest_route=\/wp\/v2\/media\/32434"}],"wp:attachment":[{"href":"https:\/\/dekkbi.com\/index.php?rest_route=%2Fwp%2Fv2%2Fmedia&parent=32433"}],"wp:term":[{"taxonomy":"category","embeddable":true,"href":"https:\/\/dekkbi.com\/index.php?rest_route=%2Fwp%2Fv2%2Fcategories&post=32433"},{"taxonomy":"post_tag","embeddable":true,"href":"https:\/\/dekkbi.com\/index.php?rest_route=%2Fwp%2Fv2%2Ftags&post=32433"}],"curies":[{"name":"wp","href":"https:\/\/api.w.org\/{rel}","templated":true}]}}