{"id":32419,"date":"2024-03-11T09:52:31","date_gmt":"2024-03-11T09:52:31","guid":{"rendered":"https:\/\/dekkbi.com\/?p=32419"},"modified":"2024-03-11T09:54:32","modified_gmt":"2024-03-11T09:54:32","slug":"amadou-ba-prone-une-federation-des-energies-et-des-talents","status":"publish","type":"post","link":"https:\/\/dekkbi.com\/?p=32419","title":{"rendered":"\u00a0Amadou Ba pr\u00f4ne une f\u00e9d\u00e9ration des \u00e9nergies et des talents"},"content":{"rendered":"\n<p>Dakar,  (APS) \u2013 Amadou Ba, candidat de la mouvance pr\u00e9sidentielle \u00e0 l\u2019\u00e9lection pr\u00e9sidentielle du 24 mars, appelle \u00e0 une \u201cf\u00e9d\u00e9ration des \u00e9nergies et des talents\u201d autour d\u2019un l\u2019objectif commun : la victoire.<\/p>\n\n\n\n<p>\u201cJ\u2019ai invit\u00e9 nos forces vives \u00e0 f\u00e9d\u00e9rer leurs \u00e9nergies et leurs talents vers notre objectif commun\u201d, a-t-il indiqu\u00e9 dans un message publi\u00e9 sur le r\u00e9seau social X apr\u00e8s le lancement officiel de sa campagne \u00e9lectorale.<\/p>\n\n\n\n<p>\u201cC\u2019est sous l\u2019impulsion fervente de mon directoire de campagne et de ma famille politique, la coalition Benno Bokk Yakaar , que le coup d\u2019envoi de ma campagne \u00e9lectorale pour la pr\u00e9sidentielle 2024 a \u00e9t\u00e9 donn\u00e9\u201d, a-t-il ajout\u00e9.<\/p>\n\n\n\n<p>Il a fait part de sa \u201cd\u00e9termination, renforc\u00e9e par l\u2019exceptionnelle mobilisation des militants\u201d, afin que le 24 mars consacre sa victoire et celle de son camp.<\/p>\n\n\n\n<p>\u201cElle (la victoire \u00e9lectorale) sera celle de tous les s\u00e9n\u00e9galais, pour que l\u2019emploi massif des jeunes, le pouvoir d\u2019achat des m\u00e9nages soient une r\u00e9alit\u00e9, dans un S\u00e9n\u00e9gal de paix, de stabilit\u00e9 et de prosp\u00e9rit\u00e9\u201d, a assur\u00e9 l\u2019ancien Premier ministre.<\/p>\n\n\n\n<p>La campagne \u00e9lectorale pour la pr\u00e9sidentielle du 24 mars a officiellement d\u00e9marr\u00e9 samedi \u00e0 00 heures.<\/p>\n\n\n\n<p>Caravanes, meetings, visites de proximit\u00e9 et pr\u00e9sentation de programmes \u00e9lectoraux sont pour l\u2019heure au menu des 19 candidats au scrutin du 24 mars.<\/p>\n\n\n\n<p>AKS\/SMD<\/p>\n","protected":false},"excerpt":{"rendered":"<p>Dakar, (APS) \u2013 Amadou Ba, candidat de la mouvance pr\u00e9sidentielle \u00e0 l\u2019\u00e9lection pr\u00e9sidentielle du 24 mars, appelle \u00e0 une \u201cf\u00e9d\u00e9ration<\/p>\n","protected":false},"author":1,"featured_media":32421,"comment_status":"open","ping_status":"open","sticky":false,"template":"","format":"standard","meta":{"footnotes":""},"categories":[6],"tags":[],"class_list":["post-32419","post","type-post","status-publish","format-standard","has-post-thumbnail","hentry","category-politics"],"_links":{"self":[{"href":"https:\/\/dekkbi.com\/index.php?rest_route=\/wp\/v2\/posts\/32419","targetHints":{"allow":["GET"]}}],"collection":[{"href":"https:\/\/dekkbi.com\/index.php?rest_route=\/wp\/v2\/posts"}],"about":[{"href":"https:\/\/dekkbi.com\/index.php?rest_route=\/wp\/v2\/types\/post"}],"author":[{"embeddable":true,"href":"https:\/\/dekkbi.com\/index.php?rest_route=\/wp\/v2\/users\/1"}],"replies":[{"embeddable":true,"href":"https:\/\/dekkbi.com\/index.php?rest_route=%2Fwp%2Fv2%2Fcomments&post=32419"}],"version-history":[{"count":1,"href":"https:\/\/dekkbi.com\/index.php?rest_route=\/wp\/v2\/posts\/32419\/revisions"}],"predecessor-version":[{"id":32420,"href":"https:\/\/dekkbi.com\/index.php?rest_route=\/wp\/v2\/posts\/32419\/revisions\/32420"}],"wp:featuredmedia":[{"embeddable":true,"href":"https:\/\/dekkbi.com\/index.php?rest_route=\/wp\/v2\/media\/32421"}],"wp:attachment":[{"href":"https:\/\/dekkbi.com\/index.php?rest_route=%2Fwp%2Fv2%2Fmedia&parent=32419"}],"wp:term":[{"taxonomy":"category","embeddable":true,"href":"https:\/\/dekkbi.com\/index.php?rest_route=%2Fwp%2Fv2%2Fcategories&post=32419"},{"taxonomy":"post_tag","embeddable":true,"href":"https:\/\/dekkbi.com\/index.php?rest_route=%2Fwp%2Fv2%2Ftags&post=32419"}],"curies":[{"name":"wp","href":"https:\/\/api.w.org\/{rel}","templated":true}]}}