{"id":32405,"date":"2024-03-08T16:31:51","date_gmt":"2024-03-08T16:31:51","guid":{"rendered":"https:\/\/dekkbi.com\/?p=32405"},"modified":"2024-03-08T16:31:52","modified_gmt":"2024-03-08T16:31:52","slug":"decouverte-les-infections-au-covid-19-reduisent-le-qi","status":"publish","type":"post","link":"https:\/\/dekkbi.com\/?p=32405","title":{"rendered":"D\u00e9couverte: les infections au COVID-19 r\u00e9duisent le QI !"},"content":{"rendered":"\n<p>Une nouvelle \u00e9tude, publi\u00e9e dans le\u00a0<em>New England Journal of Medicine<\/em>, r\u00e9v\u00e8le un aspect surprenant des s\u00e9quelles potentielles du Covid-19: son impact sur le quotient intellectuel (QI). Conduite par des chercheurs de l&rsquo;Imperial College de\u00a0Londres, cette \u00e9tude a scrut\u00e9 pr\u00e8s de 113 000 adultes britanniques, avec des conclusions alarmantes.<\/p>\n\n\n\n<p>Les participants ayant surmont\u00e9 l&rsquo;infection en moins d&rsquo;un mois ont pr\u00e9sent\u00e9 une diminution d&rsquo;environ 3 points de QI par rapport aux non-contamin\u00e9s. Cependant, cette baisse s&rsquo;est av\u00e9r\u00e9e plus marqu\u00e9e chez ceux souffrant de sympt\u00f4mes persistants, jusqu&rsquo;\u00e0 6 points pour les cas de \u00ab\u00a0Covid long\u00a0\u00bb et jusqu&rsquo;\u00e0 9 points pour les patients ayant n\u00e9cessit\u00e9 une hospitalisation en soins intensifs. Cette baisse, bien que significative, semble temporaire, car ceux qui se remettent progressivement de sympt\u00f4mes persistants ne montrent qu&rsquo;une l\u00e9g\u00e8re diminution de 3 points de QI.<\/p>\n\n\n\n<p>Une lueur d&rsquo;espoir appara\u00eet avec le variant Omicron, les patients se r\u00e9tablissant rapidement de ses sympt\u00f4mes ne subissant aucune baisse de QI. De plus, les personnes vaccin\u00e9es contre le virus semblent moins affect\u00e9es que les non-vaccin\u00e9es.<\/p>\n\n\n\n<p>Cependant, ces r\u00e9sultats soul\u00e8vent des inqui\u00e9tudes quant \u00e0 l&rsquo;impact \u00e0 long terme sur la sant\u00e9 publique, notamment en ce qui concerne le risque accru de maladies cognitives telles qu&rsquo;Alzheimer. Malgr\u00e9 les progr\u00e8s dans la compr\u00e9hension des m\u00e9canismes sous-jacents, les implications cliniques \u00e0 long terme restent incertaines.<\/p>\n\n\n\n<p>Cette \u00e9tude met en lumi\u00e8re la n\u00e9cessit\u00e9 d&rsquo;une surveillance continue des effets du Covid-19 sur le\u00a0cerveau\u00a0et souligne l&rsquo;importance de la\u00a0vaccination\u00a0et de la\u00a0recherche\u00a0de solutions th\u00e9rapeutiques pour att\u00e9nuer les s\u00e9quelles potentielles de cette\u00a0maladie\u00a0d\u00e9vastatrice.<\/p>\n","protected":false},"excerpt":{"rendered":"<p>Une nouvelle \u00e9tude, publi\u00e9e dans le\u00a0New England Journal of Medicine, r\u00e9v\u00e8le un aspect surprenant des s\u00e9quelles potentielles du Covid-19: son<\/p>\n","protected":false},"author":1,"featured_media":32406,"comment_status":"open","ping_status":"open","sticky":false,"template":"","format":"standard","meta":{"footnotes":""},"categories":[5],"tags":[],"class_list":["post-32405","post","type-post","status-publish","format-standard","has-post-thumbnail","hentry","category-technologie"],"_links":{"self":[{"href":"https:\/\/dekkbi.com\/index.php?rest_route=\/wp\/v2\/posts\/32405","targetHints":{"allow":["GET"]}}],"collection":[{"href":"https:\/\/dekkbi.com\/index.php?rest_route=\/wp\/v2\/posts"}],"about":[{"href":"https:\/\/dekkbi.com\/index.php?rest_route=\/wp\/v2\/types\/post"}],"author":[{"embeddable":true,"href":"https:\/\/dekkbi.com\/index.php?rest_route=\/wp\/v2\/users\/1"}],"replies":[{"embeddable":true,"href":"https:\/\/dekkbi.com\/index.php?rest_route=%2Fwp%2Fv2%2Fcomments&post=32405"}],"version-history":[{"count":1,"href":"https:\/\/dekkbi.com\/index.php?rest_route=\/wp\/v2\/posts\/32405\/revisions"}],"predecessor-version":[{"id":32407,"href":"https:\/\/dekkbi.com\/index.php?rest_route=\/wp\/v2\/posts\/32405\/revisions\/32407"}],"wp:featuredmedia":[{"embeddable":true,"href":"https:\/\/dekkbi.com\/index.php?rest_route=\/wp\/v2\/media\/32406"}],"wp:attachment":[{"href":"https:\/\/dekkbi.com\/index.php?rest_route=%2Fwp%2Fv2%2Fmedia&parent=32405"}],"wp:term":[{"taxonomy":"category","embeddable":true,"href":"https:\/\/dekkbi.com\/index.php?rest_route=%2Fwp%2Fv2%2Fcategories&post=32405"},{"taxonomy":"post_tag","embeddable":true,"href":"https:\/\/dekkbi.com\/index.php?rest_route=%2Fwp%2Fv2%2Ftags&post=32405"}],"curies":[{"name":"wp","href":"https:\/\/api.w.org\/{rel}","templated":true}]}}