{"id":3239,"date":"2022-11-14T11:22:36","date_gmt":"2022-11-14T11:22:36","guid":{"rendered":"https:\/\/dekkbi.com\/?p=3239"},"modified":"2022-11-14T11:22:37","modified_gmt":"2022-11-14T11:22:37","slug":"mouvement-dans-la-sante-et-les-collectivites-locales-une-greve-oubliee","status":"publish","type":"post","link":"https:\/\/dekkbi.com\/?p=3239","title":{"rendered":"Mouvement dans la sant\u00e9 et les collectivit\u00e9s locales: Une gr\u00e8ve oubli\u00e9e"},"content":{"rendered":"\n<p><strong>Que dire&nbsp;? Depuis plusieurs semaines, les secteurs de la sant\u00e9 et des collectivit\u00e9s territoriales sont paralys\u00e9s \u00e0 cause d\u2019une succession de gr\u00e8ves, provoquant la r\u00e9tention des informations sanitaires et sociales, le boycott des supervisions, des sessions de formation\u2026 La Coalition And Gueusseum et l\u2019Intersyndicale des agents des collectivit\u00e9s territoriales r\u00e9clament l\u2019harmonisation des augmentations de salaires \u00e0 tous les travailleurs sans aucune discrimination et la prise en charge correcte des foyers de tensions \u00e0 Matam, Talibou Dabo et l\u2019Eps de Mbour\u2026<\/strong><\/p>\n\n\n\n<p><strong>Par Dieynaba KANE \u2013<\/strong>&nbsp;La Coalition And Gueusseum et l\u2019Intersyndicale des agents des collectivit\u00e9s territoriales continuent leur lutte. La m\u00e9ga-coalition, apr\u00e8s avoir \u00e9valu\u00e9 son quatri\u00e8me plan d\u2019actions, va entamer le cinqui\u00e8me cette semaine. Pour ce plan d\u2019actions, \u00abla m\u00e9ga-coalition a opt\u00e9 pour une modulation d\u2019activit\u00e9s synergiques et compl\u00e9mentaires de lutte\u00bb. Ainsi, l\u2019Istcts va \u00abmaintenir le mot d\u2019ordre de gr\u00e8ve g\u00e9n\u00e9rale de 96 heures dans les collectivit\u00e9s territoriales le mardi 15, le mercredi 16, le jeudi 17 et le vendredi 18 novembre 2022\u00bb. And Gueusseum sera en gr\u00e8ve de \u00ab48 heures les jeudi 17 et vendredi 18 novembre 2022, avec respect des urgences et du service minimum\u00bb.<\/p>\n\n\n\n<p>Dans la m\u00eame dynamique, elle va poursuivre la r\u00e9tention des informations sanitaires et sociales, le boycott des supervisions, sessions de formation, r\u00e9unions de coordination et r\u00e9unions de staff. Dans le cadre de la m\u00e9ga-coalition, une marche nationale sera organis\u00e9e le mercredi 23 novembre 2022 au niveau de toutes les capitales r\u00e9gionales. Le cinqui\u00e8me plan d\u2019actions sera aussi ponctu\u00e9 par une \u00abaction civique et citoyenne de don de sang le samedi 26 novembre 2022 au niveau de toutes les capitales r\u00e9gionales\u00bb, qui sera suivie d\u2019une \u00e9valuation le m\u00eame jour.<\/p>\n\n\n\n<p>Mballo Dia Thiam et ses camarades fustigent \u00able mutisme du ministre en charge des Collectivit\u00e9s territoriales qui frise le manque de consid\u00e9ration envers les travailleurs\u00bb. En poursuivant leur mouvement d\u2019humeur, ils attendent du gouvernement qu\u2019il \u00abpose plus d\u2019actes allant dans le sens de l\u2019harmonisation des augmentations de salaires \u00e0 tous les travailleurs sans aucune discrimination et la prise en charge correcte des foyers de tensions \u00e0 Matam, Talibou Dabo et Eps de Mbour (Polymed), qui n\u2019ont que trop dur\u00e9\u00bb.<\/p>\n\n\n\n<p>Par ailleurs, la m\u00e9ga-coalition s\u2019est f\u00e9licit\u00e9e de l\u2019attitude de la ministre de la Sant\u00e9 et de l\u2019action sociale, qui a \u00abd\u00e9ploy\u00e9 d\u2019immenses efforts afin de trouver une issue heureuse \u00e0 la crise qui secoue le secteur de la sant\u00e9 et des collectivit\u00e9s territoriales, privant les populations de soins et d\u2019actes d\u2019\u00e9tat civil durant une p\u00e9riode particuli\u00e8rement difficile\u00bb.<\/p>\n\n\n\n<p><br><strong>dkane@lequotidien.sn<\/strong><\/p>\n","protected":false},"excerpt":{"rendered":"<p>Que dire&nbsp;? Depuis plusieurs semaines, les secteurs de la sant\u00e9 et des collectivit\u00e9s territoriales sont paralys\u00e9s \u00e0 cause d\u2019une succession<\/p>\n","protected":false},"author":1,"featured_media":1758,"comment_status":"open","ping_status":"open","sticky":false,"template":"","format":"standard","meta":{"footnotes":""},"categories":[21],"tags":[],"class_list":["post-3239","post","type-post","status-publish","format-standard","has-post-thumbnail","hentry","category-societe"],"_links":{"self":[{"href":"https:\/\/dekkbi.com\/index.php?rest_route=\/wp\/v2\/posts\/3239","targetHints":{"allow":["GET"]}}],"collection":[{"href":"https:\/\/dekkbi.com\/index.php?rest_route=\/wp\/v2\/posts"}],"about":[{"href":"https:\/\/dekkbi.com\/index.php?rest_route=\/wp\/v2\/types\/post"}],"author":[{"embeddable":true,"href":"https:\/\/dekkbi.com\/index.php?rest_route=\/wp\/v2\/users\/1"}],"replies":[{"embeddable":true,"href":"https:\/\/dekkbi.com\/index.php?rest_route=%2Fwp%2Fv2%2Fcomments&post=3239"}],"version-history":[{"count":1,"href":"https:\/\/dekkbi.com\/index.php?rest_route=\/wp\/v2\/posts\/3239\/revisions"}],"predecessor-version":[{"id":3240,"href":"https:\/\/dekkbi.com\/index.php?rest_route=\/wp\/v2\/posts\/3239\/revisions\/3240"}],"wp:featuredmedia":[{"embeddable":true,"href":"https:\/\/dekkbi.com\/index.php?rest_route=\/wp\/v2\/media\/1758"}],"wp:attachment":[{"href":"https:\/\/dekkbi.com\/index.php?rest_route=%2Fwp%2Fv2%2Fmedia&parent=3239"}],"wp:term":[{"taxonomy":"category","embeddable":true,"href":"https:\/\/dekkbi.com\/index.php?rest_route=%2Fwp%2Fv2%2Fcategories&post=3239"},{"taxonomy":"post_tag","embeddable":true,"href":"https:\/\/dekkbi.com\/index.php?rest_route=%2Fwp%2Fv2%2Ftags&post=3239"}],"curies":[{"name":"wp","href":"https:\/\/api.w.org\/{rel}","templated":true}]}}