{"id":32384,"date":"2024-03-08T16:09:24","date_gmt":"2024-03-08T16:09:24","guid":{"rendered":"https:\/\/dekkbi.com\/?p=32384"},"modified":"2024-03-08T16:09:24","modified_gmt":"2024-03-08T16:09:24","slug":"ivg-en-france-place-vendome-une-ceremonie-pour-celebrer-le-texte-constitutionnel","status":"publish","type":"post","link":"https:\/\/dekkbi.com\/?p=32384","title":{"rendered":"IVG en France: place Vend\u00f4me, une c\u00e9r\u00e9monie pour c\u00e9l\u00e9brer le texte constitutionnel"},"content":{"rendered":"\n<p>En France, la libert\u00e9 garantie des femmes de recourir \u00e0 l&rsquo;interruption volontaire de grossesse (IVG)\u00a0est d\u00e9sormais inscrite dans la Constitution. Le texte a \u00e9t\u00e9 formellement scell\u00e9, vendredi 8 mars 2024, lors d&rsquo;une c\u00e9r\u00e9monie place Vend\u00f4me \u00e0 Paris,\u00a0en pr\u00e9sence de figures du f\u00e9minisme et du pr\u00e9sident de la R\u00e9publique, Emmanuel Macron.\u00a0<\/p>\n\n\n\n<p>Il s&rsquo;agissait de la derni\u00e8re \u00e9tape pour l&rsquo;inscription de\u00a0la libert\u00e9 garantie des femmes de recourir \u00e0 l&rsquo;interruption volontaire de grossesse (IVG)\u00a0dans la Constitution fran\u00e7aise, le scellement de la loi constitutionnelle\u00a0<strong>adopt\u00e9e lundi 4 mars par le Parlement<\/strong>.<\/p>\n\n\n\n<p>Ce 8 mars 2024, \u00e0 12h00 (heure de Paris), Emmanuel Macron \u00e9tait au minist\u00e8re de la Justice pour une c\u00e9r\u00e9monie ouverte, aussi, au public. \u00ab<em>&nbsp;Le sceau de la R\u00e9publique scelle en ce jour un long combat pour la libert\u00e9<\/em>&nbsp;\u00bb, a lanc\u00e9 le pr\u00e9sident fran\u00e7ais devant les militantes f\u00e9ministes, personnalit\u00e9s et \u00e9lus de tous bords. Dans le public aussi,&nbsp; des curieux, des touristes, des \u00e9tudiants en droit venus participer \u00e0 la \u00ab&nbsp;<em>c\u00e9r\u00e9monie populaire<\/em>&nbsp;\u00bb souhait\u00e9e par l&rsquo;\u00c9lys\u00e9e. \u00ab&nbsp;<em>C&rsquo;est formidable&nbsp;<\/em>\u00bb, a gliss\u00e9 \u00e9mue l&rsquo;actrice Catherine Deneuve, signataire du&nbsp;<strong><a href=\"https:\/\/www.rfi.fr\/fr\/podcasts\/invit%C3%A9-france\/20210405-50-ans-du-manifeste-des-343-l-avortement-est-toujours-une-question-politique\">Manifeste des 343<\/a><\/strong>&nbsp;qui, en 1971, appela \u00e0 l\u00e9galiser l&rsquo;avortement en France.<\/p>\n\n\n\n<p>Sur l&rsquo;estrade, devant le minist\u00e8re de la Justice, la presse \u00e0 sceller command\u00e9e en 1810 sous Napol\u00e9on a servi \u00e0 nouveau. Le ministre de la Justice, \u00c9ric Dupond-Moretti, l&rsquo;a tourn\u00e9 pour apposer le sceau de la R\u00e9publique fran\u00e7aise sur le texte constitutionnel dans lequel figure d\u00e9sormais la libert\u00e9 garantie pour les femmes de recourir \u00e0 l&rsquo;interruption volontaire de grossesse.<\/p>\n\n\n\n<p>Le chef de l&rsquo;\u00c9tat a dit sa volont\u00e9 de faire inscrire l&rsquo;IVG dans la Charte des droits fondamentaux de l&rsquo;Union europ\u00e9enne,&nbsp;o\u00f9, selon lui, plus rien n&rsquo;est acquis et tout est \u00e0 d\u00e9fendre. L&rsquo;avortement est totalement interdit \u00e0 Malte et il n&rsquo;est autoris\u00e9 qu&rsquo;en cas de viol ou d&rsquo;inceste en Pologne.<\/p>\n\n\n\n<p>Apr\u00e8s le discours du pr\u00e9sident, la chanteuse Catherine Ringer a interpr\u00e9t\u00e9 une Marseillaise l\u00e9g\u00e8rement modifi\u00e9e : \u00ab\u00a0<em>Aux armes citoyens, citoyennes, marchons, chantons cette loi pure\u00a0<strong>dans la Constitution<\/strong>.<\/em>\u00a0\u00bb<\/p>\n\n\n\n<p>(<em>et avec AFP<\/em>)<\/p>\n\n\n\n<p>\u00c0 lire aussi<\/p>\n","protected":false},"excerpt":{"rendered":"<p>En France, la libert\u00e9 garantie des femmes de recourir \u00e0 l&rsquo;interruption volontaire de grossesse (IVG)\u00a0est d\u00e9sormais inscrite dans la Constitution.<\/p>\n","protected":false},"author":1,"featured_media":32385,"comment_status":"open","ping_status":"open","sticky":false,"template":"","format":"standard","meta":{"footnotes":""},"categories":[51],"tags":[],"class_list":["post-32384","post","type-post","status-publish","format-standard","has-post-thumbnail","hentry","category-general"],"_links":{"self":[{"href":"https:\/\/dekkbi.com\/index.php?rest_route=\/wp\/v2\/posts\/32384","targetHints":{"allow":["GET"]}}],"collection":[{"href":"https:\/\/dekkbi.com\/index.php?rest_route=\/wp\/v2\/posts"}],"about":[{"href":"https:\/\/dekkbi.com\/index.php?rest_route=\/wp\/v2\/types\/post"}],"author":[{"embeddable":true,"href":"https:\/\/dekkbi.com\/index.php?rest_route=\/wp\/v2\/users\/1"}],"replies":[{"embeddable":true,"href":"https:\/\/dekkbi.com\/index.php?rest_route=%2Fwp%2Fv2%2Fcomments&post=32384"}],"version-history":[{"count":1,"href":"https:\/\/dekkbi.com\/index.php?rest_route=\/wp\/v2\/posts\/32384\/revisions"}],"predecessor-version":[{"id":32386,"href":"https:\/\/dekkbi.com\/index.php?rest_route=\/wp\/v2\/posts\/32384\/revisions\/32386"}],"wp:featuredmedia":[{"embeddable":true,"href":"https:\/\/dekkbi.com\/index.php?rest_route=\/wp\/v2\/media\/32385"}],"wp:attachment":[{"href":"https:\/\/dekkbi.com\/index.php?rest_route=%2Fwp%2Fv2%2Fmedia&parent=32384"}],"wp:term":[{"taxonomy":"category","embeddable":true,"href":"https:\/\/dekkbi.com\/index.php?rest_route=%2Fwp%2Fv2%2Fcategories&post=32384"},{"taxonomy":"post_tag","embeddable":true,"href":"https:\/\/dekkbi.com\/index.php?rest_route=%2Fwp%2Fv2%2Ftags&post=32384"}],"curies":[{"name":"wp","href":"https:\/\/api.w.org\/{rel}","templated":true}]}}