{"id":32375,"date":"2024-03-08T16:00:16","date_gmt":"2024-03-08T16:00:16","guid":{"rendered":"https:\/\/dekkbi.com\/?p=32375"},"modified":"2024-03-08T16:01:23","modified_gmt":"2024-03-08T16:01:23","slug":"decision-tenue-de-la-presidentielle-les-7-sages-salignent-sur-la-date-fixee-par-macky","status":"publish","type":"post","link":"https:\/\/dekkbi.com\/?p=32375","title":{"rendered":"D\u00e9cision \u2013 Tenue de la Pr\u00e9sidentielle\u00a0: Les 7 \u00abSages\u00bb s\u2019alignent sur la date fix\u00e9e par Macky"},"content":{"rendered":"\n<p><strong>Le Conseil constitutionnel s\u2019est align\u00e9 sur la date du 24 mars pour l\u2019organisation de l\u2019\u00e9lection pr\u00e9sidentielle. Statuant sur le recours des candidats issus de l\u2019opposition, les 7 \u00abSages\u00bb avaient fix\u00e9 la date du 31 mars par substitution \u00e0 l\u2019inertie de l\u2019Administration.&nbsp;<\/strong><\/p>\n\n\n\n<p><strong>Par Malick GAYE \u2013&nbsp;<\/strong>Le scrutin pour l\u2019\u00e9lection du pr\u00e9sident de la R\u00e9publique se tiendra le 24 mars 2024. Le Conseil constitutionnel s\u2019est finalement align\u00e9 sur la d\u00e9cision du pr\u00e9sident de la R\u00e9publique de ce mercredi. Les 7 \u00abSages\u00bb ont sorti un communiqu\u00e9 pour s\u2019expliquer. \u00abLe Conseil constitutionnel, comme indiqu\u00e9 dans sa d\u00e9cision n\u00b06\/E\/2024 du 6 mars 2024, n\u2019a exerc\u00e9 ses pr\u00e9rogatives que par substitution, en vertu de son pouvoir de r\u00e9gulation, afin de pallier l\u2019inertie de l\u2019Admi\u00adnistration et de satisfaire \u00e0 l\u2019exigence constitutionnelle de la reprise du processus \u00e9lectoral interrompu, en vue de la tenue du scrutin avant la fin du mandat pr\u00e9sidentiel\u00bb, ont d\u00e9taill\u00e9 les 7 \u00abSages\u00bb. Ces derniers ont rappel\u00e9 que par d\u00e9crets n\u00b0 2024-690 et 2024-691 du 6 mars 2024, notifi\u00e9s le m\u00eame jour au Conseil constitutionnel par lettre n\u00b0504\/PR\/SG, le pr\u00e9sident de la R\u00e9publique a fix\u00e9 la date de l\u2019\u00e9lection pr\u00e9sidentielle au dimanche 24 mars 2024 et convoqu\u00e9 le corps \u00e9lectoral \u00e0 cet effet.<\/p>\n\n\n\n<p>Ainsi, reconna\u00eet le Conseil constitutionnel, \u00abla fixation de la date de l\u2019\u00e9lection et la convocation du corps \u00e9lectoral rel\u00e8vent des pr\u00e9rogatives l\u00e9gales du pr\u00e9sident de la R\u00e9pu\u00adblique\u00bb.<\/p>\n\n\n\n<p>Il faut rappeler que le Conseil constitutionnel, statuant sur le recours introduit par des candidats, avait pris la date du 31 mars 2024. Les raisons ont \u00e9t\u00e9 expliqu\u00e9es un peu plus haut. Mais apr\u00e8s la notification de la d\u00e9cision du Pr\u00e9sident Macky Sall, les 7 \u00abSages\u00bb se sont align\u00e9s sur la date du 24 mars 2024.<\/p>\n\n\n\n<p><br><strong>mgaye@lequotidien.sn<\/strong><\/p>\n","protected":false},"excerpt":{"rendered":"<p>Le Conseil constitutionnel s\u2019est align\u00e9 sur la date du 24 mars pour l\u2019organisation de l\u2019\u00e9lection pr\u00e9sidentielle. Statuant sur le recours<\/p>\n","protected":false},"author":1,"featured_media":31467,"comment_status":"open","ping_status":"open","sticky":false,"template":"","format":"standard","meta":{"footnotes":""},"categories":[6],"tags":[],"class_list":["post-32375","post","type-post","status-publish","format-standard","has-post-thumbnail","hentry","category-politics"],"_links":{"self":[{"href":"https:\/\/dekkbi.com\/index.php?rest_route=\/wp\/v2\/posts\/32375","targetHints":{"allow":["GET"]}}],"collection":[{"href":"https:\/\/dekkbi.com\/index.php?rest_route=\/wp\/v2\/posts"}],"about":[{"href":"https:\/\/dekkbi.com\/index.php?rest_route=\/wp\/v2\/types\/post"}],"author":[{"embeddable":true,"href":"https:\/\/dekkbi.com\/index.php?rest_route=\/wp\/v2\/users\/1"}],"replies":[{"embeddable":true,"href":"https:\/\/dekkbi.com\/index.php?rest_route=%2Fwp%2Fv2%2Fcomments&post=32375"}],"version-history":[{"count":1,"href":"https:\/\/dekkbi.com\/index.php?rest_route=\/wp\/v2\/posts\/32375\/revisions"}],"predecessor-version":[{"id":32376,"href":"https:\/\/dekkbi.com\/index.php?rest_route=\/wp\/v2\/posts\/32375\/revisions\/32376"}],"wp:featuredmedia":[{"embeddable":true,"href":"https:\/\/dekkbi.com\/index.php?rest_route=\/wp\/v2\/media\/31467"}],"wp:attachment":[{"href":"https:\/\/dekkbi.com\/index.php?rest_route=%2Fwp%2Fv2%2Fmedia&parent=32375"}],"wp:term":[{"taxonomy":"category","embeddable":true,"href":"https:\/\/dekkbi.com\/index.php?rest_route=%2Fwp%2Fv2%2Fcategories&post=32375"},{"taxonomy":"post_tag","embeddable":true,"href":"https:\/\/dekkbi.com\/index.php?rest_route=%2Fwp%2Fv2%2Ftags&post=32375"}],"curies":[{"name":"wp","href":"https:\/\/api.w.org\/{rel}","templated":true}]}}