{"id":32364,"date":"2024-03-08T15:53:08","date_gmt":"2024-03-08T15:53:08","guid":{"rendered":"https:\/\/dekkbi.com\/?p=32364"},"modified":"2024-03-08T15:53:08","modified_gmt":"2024-03-08T15:53:08","slug":"thies-le-maire-autorise-a-doubler-lenveloppe-allouee-aux-bourses-de-formation","status":"publish","type":"post","link":"https:\/\/dekkbi.com\/?p=32364","title":{"rendered":"Thi\u00e8s : le maire autoris\u00e9 \u00e0 doubler l\u2019enveloppe allou\u00e9e aux bourses de formation"},"content":{"rendered":"\n<p>Thi\u00e8s,  (APS) \u2013 Le maire de Thi\u00e8s a obtenu jeudi de son conseil municipal l\u2019autorisation sp\u00e9ciale de doubler l\u2019enveloppe d\u00e9di\u00e9e aux bourses de formation, pour la porter \u00e0 200 millions de FCFA, au profit de 1.200 jeunes b\u00e9n\u00e9ficiaires.<\/p>\n\n\n\n<p>Une session ordinaire du conseil municipal avait \u00e9t\u00e9 convoqu\u00e9e pour donner au maire des autorisations sp\u00e9ciales et des virements de cr\u00e9dit, permettant de soutenir certains projets de la mairie.<\/p>\n\n\n\n<p>Il s\u2019agit notamment de projets d\u2019\u00e9clairage public, de r\u00e9habilitation des espaces publics, plus particuli\u00e8rement la Place de France, connue plus commun\u00e9ment sous le nom de \u201cMickey Land\u201d, de feux tricolores et de bourses.<\/p>\n\n\n\n<p>\u201cPour les bourses des \u00e9tudiants, nous avions 100 millions sur fonds propres, et on vient d\u2019avoir avec l\u2019autorisation du conseil, une enveloppe de 100 millions, tir\u00e9e des fonds de dotation, pour renforcer l\u2019enveloppe jusqu\u2019\u00e0 200 millions de FCFA\u201d, a dit Babacar Diop.<\/p>\n\n\n\n<p>Cela permettra \u00e0 la mairie de \u201csupporter les frais de scolarit\u00e9 de plus de 1.200 \u00e9tudiants thi\u00e9ssois\u201d, selon l\u2019\u00e9dile.<\/p>\n\n\n\n<p>\u201cD\u00e8s la semaine prochaine, a-t-il annonc\u00e9, sera lanc\u00e9 l\u2019appel d\u2019offres pour le projet de la Place de France pour lequel le conseil dispose d\u2019une enveloppe de 325 millions, et celui de la r\u00e9novation du r\u00e9seau \u00e9lectrique 4-4-44, pour le basculement de ce r\u00e9seau du sodium vers le led\u201d.<\/p>\n\n\n\n<p>La ville dispose de 321 millions de FCFA, pour mener \u00e0 bien ces diff\u00e9rents projets.<\/p>\n\n\n\n<p>Les autorisations concernent aussi les feux tricolores pr\u00e9vus dans la ville.<\/p>\n\n\n\n<p>La session a \u00e9t\u00e9 l\u2019occasion pour le maire d\u2019aborder d\u2019autres questions comme la s\u00e9curit\u00e9 publique, apr\u00e8s que le gouverneur a tenu une r\u00e9union sur cette question la semaine derni\u00e8re.<\/p>\n\n\n\n<p>Le maire a annonc\u00e9 la tenue la semaine prochaine des assises de la s\u00e9curit\u00e9 \u00e0 Thi\u00e8s, une rencontre organis\u00e9e en partenariat avec le gouverneur.<\/p>\n\n\n\n<p>L\u2019\u00e9dile a aussi saisi l\u2019opportunit\u00e9 de cette session ordinaire pour rendre compte de conventions et projets envisag\u00e9s, notamment avec la ville russe de S\u00e9bastopol.<\/p>\n\n\n\n<p>\u201cJ\u2019ai re\u00e7u l\u2019ambassadeur (de Russie) le lundi pass\u00e9 \u00e0 Thi\u00e8s\u201d, a rapport\u00e9 Diop, ajoutant avoir pris part \u00e0 une r\u00e9union en vid\u00e9oconf\u00e9rence avec la ville de S\u00e9bastopol, \u00e0 l\u2019issue de laquelle les deux parties ont d\u00e9cid\u00e9 de signer une convention de partenariat au mois de juin en Russie.<\/p>\n\n\n\n<p>\u201cJe pense que c\u2019est un partenariat qui pourra beaucoup apporter \u00e0 la ville de Thi\u00e8s\u201d, a-t-il dit.<\/p>\n\n\n\n<p>Suite \u00e0 l\u2019inscription dans le budget 2024, d\u2019une enveloppe de 100 millions pour soutenir la prise en charge sanitaire des couches vuln\u00e9rables, le maire a obtenu l\u2019autorisation du conseil de signer des conventions avec l\u2019h\u00f4pital r\u00e9gional, l\u2019h\u00f4pital Saint Jean de Dieu et le centre de sant\u00e9 du quartier 10-\u00e8me.<\/p>\n\n\n\n<p>\u201cLe conseil municipal est d\u00e9cid\u00e9 \u00e0 r\u00e9cup\u00e9rer le Palais des congr\u00e8s (commun\u00e9ment appel\u00e9 auditorium), et j\u2019esp\u00e8re que l\u2019universit\u00e9 va coop\u00e9rer\u201d, a par ailleurs indiqu\u00e9 l\u2019\u00e9dile de Thi\u00e8s, disant souhaiter que cela ne soit pas source de \u201cpol\u00e9mique inutile\u201d dans la ville.<\/p>\n\n\n\n<p>Il estime que la municipalit\u00e9, sur ce sujet pr\u00e9cis, a \u201cfait preuve d\u2019ouverture et de responsabilit\u00e9\u201d, tout le temps qu\u2019a dur\u00e9 cette controverse entre l\u2019universit\u00e9 Iba Der Thiam et la mairie, concernant le droit de propri\u00e9t\u00e9 de ce site.<\/p>\n\n\n\n<p>\u201cIl \u00e9tait pr\u00e9vu d\u2019accompagner pendant un an \u00e0 deux l\u2019universit\u00e9, le temps de lui permettre de regagner ses propres locaux\u201d, a-t-il expliqu\u00e9, relevant avoir constat\u00e9 des \u201cprobl\u00e8mes tr\u00e8s s\u00e9rieux\u201d sur le site, sans en dire plus.<\/p>\n\n\n\n<p>Babacar Diop a indiqu\u00e9 avoir \u00e9crit au pr\u00e9sident de la R\u00e9publique \u00e0 l\u2019\u00e9poque pour lui parler du probl\u00e8me de ce site, apr\u00e8s quoi le chef de l\u2019Etat avait donn\u00e9 des instructions au Premier ministre. \u201cNous avons eu plusieurs rencontres \u00e0 la Primature et une chose au moins est act\u00e9e : le titre foncier et l\u2019\u00e9difice appartiennent \u00e0 la ville de Thi\u00e8s\u201d, a dit Babacar Diop.<\/p>\n\n\n\n<p>Le maire a fait pr\u00e9sider cette session municipale ordinaire par sa premi\u00e8re adjointe Mar\u00e9ma Ndiaye, pour dit-il, \u201crendre hommage\u201d aux femmes \u00e0 travers elle.<\/p>\n\n\n\n<p>\u201cIl faut toute une ann\u00e9e pour c\u00e9l\u00e9brer les femmes qui sont source d\u2019inspiration\u201d, a dit le maire, soulignant le r\u00f4le de la gent f\u00e9minine dans le progr\u00e8s \u00e9conomique et social.<\/p>\n\n\n\n<p>Le conseil municipal et son bureau de Thi\u00e8s, rel\u00e8ve-t-il, sont domin\u00e9s par les femmes, dont il a insist\u00e9 sur le degr\u00e9 d\u2019engagement, quelle que soit leur appartenance politique.<\/p>\n","protected":false},"excerpt":{"rendered":"<p>Thi\u00e8s, (APS) \u2013 Le maire de Thi\u00e8s a obtenu jeudi de son conseil municipal l\u2019autorisation sp\u00e9ciale de doubler l\u2019enveloppe d\u00e9di\u00e9e<\/p>\n","protected":false},"author":1,"featured_media":32365,"comment_status":"open","ping_status":"open","sticky":false,"template":"","format":"standard","meta":{"footnotes":""},"categories":[21],"tags":[],"class_list":["post-32364","post","type-post","status-publish","format-standard","has-post-thumbnail","hentry","category-societe"],"_links":{"self":[{"href":"https:\/\/dekkbi.com\/index.php?rest_route=\/wp\/v2\/posts\/32364","targetHints":{"allow":["GET"]}}],"collection":[{"href":"https:\/\/dekkbi.com\/index.php?rest_route=\/wp\/v2\/posts"}],"about":[{"href":"https:\/\/dekkbi.com\/index.php?rest_route=\/wp\/v2\/types\/post"}],"author":[{"embeddable":true,"href":"https:\/\/dekkbi.com\/index.php?rest_route=\/wp\/v2\/users\/1"}],"replies":[{"embeddable":true,"href":"https:\/\/dekkbi.com\/index.php?rest_route=%2Fwp%2Fv2%2Fcomments&post=32364"}],"version-history":[{"count":1,"href":"https:\/\/dekkbi.com\/index.php?rest_route=\/wp\/v2\/posts\/32364\/revisions"}],"predecessor-version":[{"id":32366,"href":"https:\/\/dekkbi.com\/index.php?rest_route=\/wp\/v2\/posts\/32364\/revisions\/32366"}],"wp:featuredmedia":[{"embeddable":true,"href":"https:\/\/dekkbi.com\/index.php?rest_route=\/wp\/v2\/media\/32365"}],"wp:attachment":[{"href":"https:\/\/dekkbi.com\/index.php?rest_route=%2Fwp%2Fv2%2Fmedia&parent=32364"}],"wp:term":[{"taxonomy":"category","embeddable":true,"href":"https:\/\/dekkbi.com\/index.php?rest_route=%2Fwp%2Fv2%2Fcategories&post=32364"},{"taxonomy":"post_tag","embeddable":true,"href":"https:\/\/dekkbi.com\/index.php?rest_route=%2Fwp%2Fv2%2Ftags&post=32364"}],"curies":[{"name":"wp","href":"https:\/\/api.w.org\/{rel}","templated":true}]}}