{"id":32361,"date":"2024-03-08T13:34:17","date_gmt":"2024-03-08T13:34:17","guid":{"rendered":"https:\/\/dekkbi.com\/?p=32361"},"modified":"2024-03-08T13:34:18","modified_gmt":"2024-03-08T13:34:18","slug":"le-budget-du-ministere-des-collectivites-territoriales-execute-a-95-en-2023-officiel","status":"publish","type":"post","link":"https:\/\/dekkbi.com\/?p=32361","title":{"rendered":"Le budget du minist\u00e8re des Collectivit\u00e9s territoriales ex\u00e9cut\u00e9 \u00e0 95% en 2023 (officiel)"},"content":{"rendered":"\n<p>Saly, 8 mars (APS) \u2013 Le budget 2023 du minist\u00e8re des Collectivit\u00e9s territoriales, de l\u2019Am\u00e9nagement et du D\u00e9veloppement des Territoires a \u00e9t\u00e9 ex\u00e9cut\u00e9 \u00e0 95%, a r\u00e9v\u00e9l\u00e9, jeudi \u00e0 Saly (Mbour, ouest), la secr\u00e9taire g\u00e9n\u00e9rale dudit minist\u00e8re, Mame San\u00e9 Ndiaye.<\/p>\n\n\n\n<p>Mame San\u00e9 Ndiaye pr\u00e9sidait un atelier de validation du rapport d\u2019activit\u00e9s 2023 et du (PTBA 2024) du minist\u00e8re.<\/p>\n\n\n\n<p>Cette rencontre \u00e9tait destin\u00e9e \u00e0 \u201crendre compte de la mise en \u0153uvre des activit\u00e9s planifi\u00e9es de l\u2019ann\u00e9e pass\u00e9e, dont le taux d\u2019ex\u00e9cution budg\u00e9taire est de 95%\u201c, a-t-elle dit.<\/p>\n\n\n\n<p>Selon Mme Ndiaye, il a \u00e9t\u00e9 aussi constat\u00e9 que &nbsp;\u201dc\u2019est un minist\u00e8re de transfert, o\u00f9 l\u2019essentiel des fonds sont transf\u00e9r\u00e9s \u00e0 plus de 80% aux collectivit\u00e9s territoriales\u201c.<\/p>\n\n\n\n<p>Mame San\u00e9 Ndiaye estime que \u201dle reste du budget devait permettre au minist\u00e8re de mettre en \u0153uvre des activit\u00e9s d\u2019appui et d\u2019accompagnement\u201d. Pour l\u2019officielle, il faudrait l\u2019\u00e9laboration&nbsp; de plus en plus de programmes allant dans le sens de permettre au minist\u00e8re des Collectivit\u00e9s territoriales de mieux se doter de moyens roulants, &nbsp;mais aussi de motiver et renforcer les capacit\u00e9s de ses agents.<\/p>\n\n\n\n<p>Pour 2024, Mme Ndiaye a pr\u00e9cis\u00e9 que le d\u00e9partement s\u2019inscrit dans une logique de continuit\u00e9, \u00e0 travers des budgets programmes, avec une planification pluriannuelle des activit\u00e9s.<\/p>\n","protected":false},"excerpt":{"rendered":"<p>Saly, 8 mars (APS) \u2013 Le budget 2023 du minist\u00e8re des Collectivit\u00e9s territoriales, de l\u2019Am\u00e9nagement et du D\u00e9veloppement des Territoires<\/p>\n","protected":false},"author":1,"featured_media":32362,"comment_status":"open","ping_status":"open","sticky":false,"template":"","format":"standard","meta":{"footnotes":""},"categories":[3],"tags":[],"class_list":["post-32361","post","type-post","status-publish","format-standard","has-post-thumbnail","hentry","category-event-more-news"],"_links":{"self":[{"href":"https:\/\/dekkbi.com\/index.php?rest_route=\/wp\/v2\/posts\/32361","targetHints":{"allow":["GET"]}}],"collection":[{"href":"https:\/\/dekkbi.com\/index.php?rest_route=\/wp\/v2\/posts"}],"about":[{"href":"https:\/\/dekkbi.com\/index.php?rest_route=\/wp\/v2\/types\/post"}],"author":[{"embeddable":true,"href":"https:\/\/dekkbi.com\/index.php?rest_route=\/wp\/v2\/users\/1"}],"replies":[{"embeddable":true,"href":"https:\/\/dekkbi.com\/index.php?rest_route=%2Fwp%2Fv2%2Fcomments&post=32361"}],"version-history":[{"count":1,"href":"https:\/\/dekkbi.com\/index.php?rest_route=\/wp\/v2\/posts\/32361\/revisions"}],"predecessor-version":[{"id":32363,"href":"https:\/\/dekkbi.com\/index.php?rest_route=\/wp\/v2\/posts\/32361\/revisions\/32363"}],"wp:featuredmedia":[{"embeddable":true,"href":"https:\/\/dekkbi.com\/index.php?rest_route=\/wp\/v2\/media\/32362"}],"wp:attachment":[{"href":"https:\/\/dekkbi.com\/index.php?rest_route=%2Fwp%2Fv2%2Fmedia&parent=32361"}],"wp:term":[{"taxonomy":"category","embeddable":true,"href":"https:\/\/dekkbi.com\/index.php?rest_route=%2Fwp%2Fv2%2Fcategories&post=32361"},{"taxonomy":"post_tag","embeddable":true,"href":"https:\/\/dekkbi.com\/index.php?rest_route=%2Fwp%2Fv2%2Ftags&post=32361"}],"curies":[{"name":"wp","href":"https:\/\/api.w.org\/{rel}","templated":true}]}}