{"id":32345,"date":"2024-03-08T11:09:55","date_gmt":"2024-03-08T11:09:55","guid":{"rendered":"https:\/\/dekkbi.com\/?p=32345"},"modified":"2024-03-08T11:09:55","modified_gmt":"2024-03-08T11:09:55","slug":"journal-de-la-campagne-les-candidats-demarrent-les-enregistrements-vendredi-a-la-rts","status":"publish","type":"post","link":"https:\/\/dekkbi.com\/?p=32345","title":{"rendered":"Journal de la campagne\u00a0: les candidats d\u00e9marrent les enregistrements vendredi \u00e0 la RTS"},"content":{"rendered":"\n<p>Dakar,  (APS) \u2013 La Radio t\u00e9l\u00e9vision s\u00e9n\u00e9galaise (RTS, chaine publique), va proc\u00e9der, vendredi et samedi, \u00e0 l\u2019enregistrement des messages des 19 candidats \u00e0 l\u2019\u00e9lection pr\u00e9sidentielle du 24 mars pour les besoins de l\u2019\u00e9mission \u201dJournal de la campagne\u201d, supervis\u00e9e par le Conseil national de r\u00e9gulation de l\u2019audiovisuel (CNRA), a appris l\u2019APS de source officielle.<\/p>\n\n\n\n<p>\u201cL\u2019enregistrement de la premi\u00e8re d\u00e9claration de campagne des candidats est fait obligatoirement dans les studios de la RTS, le vendredi 8 et le samedi 9 mars 2024 suivant l\u2019ordre de tirage retenu par le CNRA en pr\u00e9sence des mandataires des candidats, suivant aussi le planning horaire fix\u00e9 par la RTS qui sera remis aux mandataires\u2019\u2019, a indiqu\u00e9 l\u2019organe de r\u00e9gulation de l\u2019audiovisuel dans un communiqu\u00e9.<\/p>\n\n\n\n<p>Les enregistrements seront diffus\u00e9s \u00e0 partir de dimanche. L\u2019\u00e9mission va \u00eatre diffus\u00e9e en deux tranches, \u00e0 18 heures 30 pour la premi\u00e8re et 20 heures 40 pour la seconde.<\/p>\n\n\n\n<p>La campagne \u00e9lectorale doit officiellement s\u2019ouvrir dimanche \u00e0 00 heure et sera cl\u00f4tur\u00e9e le 22 mars \u00e0 minuit, a rappel\u00e9 le CNRA.<\/p>\n\n\n\n<p>Elle fait savoir qu\u2019en cas deuxi\u00e8me tour de scrutin, le temps d\u2019antenne de sept (07) minutes mis \u00e0 la disposition des candidats est diffus\u00e9 en une (01) tranche, tous les jours \u00e0 partir de 21 heures.<\/p>\n\n\n\n<p>ABD\/AKS\/OID<\/p>\n","protected":false},"excerpt":{"rendered":"<p>Dakar, (APS) \u2013 La Radio t\u00e9l\u00e9vision s\u00e9n\u00e9galaise (RTS, chaine publique), va proc\u00e9der, vendredi et samedi, \u00e0 l\u2019enregistrement des messages des<\/p>\n","protected":false},"author":1,"featured_media":32346,"comment_status":"open","ping_status":"open","sticky":false,"template":"","format":"standard","meta":{"footnotes":""},"categories":[6],"tags":[],"class_list":["post-32345","post","type-post","status-publish","format-standard","has-post-thumbnail","hentry","category-politics"],"_links":{"self":[{"href":"https:\/\/dekkbi.com\/index.php?rest_route=\/wp\/v2\/posts\/32345","targetHints":{"allow":["GET"]}}],"collection":[{"href":"https:\/\/dekkbi.com\/index.php?rest_route=\/wp\/v2\/posts"}],"about":[{"href":"https:\/\/dekkbi.com\/index.php?rest_route=\/wp\/v2\/types\/post"}],"author":[{"embeddable":true,"href":"https:\/\/dekkbi.com\/index.php?rest_route=\/wp\/v2\/users\/1"}],"replies":[{"embeddable":true,"href":"https:\/\/dekkbi.com\/index.php?rest_route=%2Fwp%2Fv2%2Fcomments&post=32345"}],"version-history":[{"count":1,"href":"https:\/\/dekkbi.com\/index.php?rest_route=\/wp\/v2\/posts\/32345\/revisions"}],"predecessor-version":[{"id":32347,"href":"https:\/\/dekkbi.com\/index.php?rest_route=\/wp\/v2\/posts\/32345\/revisions\/32347"}],"wp:featuredmedia":[{"embeddable":true,"href":"https:\/\/dekkbi.com\/index.php?rest_route=\/wp\/v2\/media\/32346"}],"wp:attachment":[{"href":"https:\/\/dekkbi.com\/index.php?rest_route=%2Fwp%2Fv2%2Fmedia&parent=32345"}],"wp:term":[{"taxonomy":"category","embeddable":true,"href":"https:\/\/dekkbi.com\/index.php?rest_route=%2Fwp%2Fv2%2Fcategories&post=32345"},{"taxonomy":"post_tag","embeddable":true,"href":"https:\/\/dekkbi.com\/index.php?rest_route=%2Fwp%2Fv2%2Ftags&post=32345"}],"curies":[{"name":"wp","href":"https:\/\/api.w.org\/{rel}","templated":true}]}}