{"id":3232,"date":"2022-11-14T11:11:34","date_gmt":"2022-11-14T11:11:34","guid":{"rendered":"https:\/\/dekkbi.com\/?p=3232"},"modified":"2022-11-14T11:24:47","modified_gmt":"2022-11-14T11:24:47","slug":"espagne-une-maree-blanche-defile-pour-la-defense-du-systeme-de-sante-de-la-region-de-madrid","status":"publish","type":"post","link":"https:\/\/dekkbi.com\/?p=3232","title":{"rendered":"Espagne: d\u00e9fil\u00e9 pour la d\u00e9fense du syst\u00e8me de sant\u00e9 de la r\u00e9gion de Madrid"},"content":{"rendered":"\n<p>Quelque 200&nbsp;000 personnes selon les autorit\u00e9s de Madrid et&nbsp;le triple selon les organisateurs. Les manifestants ont parcouru les rues de la capitale espagnole ce dimanche matin pour d\u00e9fendre le&nbsp;syst\u00e8me de sant\u00e9 public de cette r\u00e9gion. Madrid est la r\u00e9gion la plus riche, mais c&rsquo;est aussi celle qui investit le moins dans le syst\u00e8me sanitaire.<\/p>\n\n\n\n<p><em>Avec notre correspondante \u00e0 Madrid<\/em>,&nbsp;<strong>Diane Cambon<\/strong> &#8211;  RFI<\/p>\n\n\n\n<p>C\u2019est une v\u00e9ritable mar\u00e9e blanche qui a envahi dimanche matin le centre de Madrid pour soutenir le syst\u00e8me de sant\u00e9 public de la r\u00e9gion. Il y avait des blouses blanches, mais aussi des repr\u00e9sentants de la classe politique et du monde de la culture comme le cin\u00e9aste Pedro Almodovar, qui ont d\u00e9fil\u00e9 contre les mesures de la tr\u00e8s lib\u00e9rale pr\u00e9sidente de la r\u00e9gion de Madrid, Isabel Ayuso, aussi l\u2019une des figures du Parti populaire (PP).<\/p>\n\n\n\n<p>En Espagne, o\u00f9 la sant\u00e9 est une comp\u00e9tence de chaque r\u00e9gion, la r\u00e9gion de Madrid est celle qui investit le moins dans le syst\u00e8me public. Le gouvernement central&nbsp;socialiste&nbsp;a apport\u00e9 son soutien aux manifestants. \u00ab&nbsp;<em>Madrid est la r\u00e9gion qui investit le moins dans la sant\u00e9 par habitant. La moyenne nationale est de 1 700 euros par habitant et \u00e0 Madrid, c&rsquo;est 1 300 euros&nbsp;<\/em>\u00bb, a affirm\u00e9 le ministre de la pr\u00e9sidence, Felix Bola\u00f1os. \u00ab&nbsp;<em>C&rsquo;est la r\u00e9gion qui a le moins de m\u00e9decins et d&rsquo;infirmi\u00e8res par habitant<\/em>&nbsp;\u00bb, a-t-il ajout\u00e9. Selon lui, la crise du syst\u00e8me de sant\u00e9 public de la r\u00e9gion est due \u00e0 un \u00ab&nbsp;<em>management d\u00e9sastreux<\/em>&nbsp;\u00bb de la part du gouvernement r\u00e9gional PP.<\/p>\n\n\n\n<h2 class=\"wp-block-heading\">Manque de personnel<\/h2>\n\n\n\n<p>Depuis la crise du Covid, les probl\u00e8mes se multiplient dans les centres de sant\u00e9, o\u00f9 il manque du personnel. Mais ce qui vient de provoquer cette mobilisation massive du personnel sanitaire et des patients est l\u2019ultime d\u00e9cision des autorit\u00e9s de fermer les centres de premier soin dans les zones les moins peupl\u00e9es. Plusieurs urgences hospitali\u00e8res d\u00e9j\u00e0 satur\u00e9es ont \u00e9t\u00e9 oblig\u00e9es de fermer par manque de personnel.<\/p>\n\n\n\n<p>La semaine derni\u00e8re, 34 m\u00e9decins ont annonc\u00e9 haut et fort leurs d\u00e9missions. Or ce geste a provoqu\u00e9 les railleries de l\u2019actuelle pr\u00e9sidente Isabel Ayuso. Ce dimanche, le corps m\u00e9dical attendait des excuses de la dirigeante et surtout un changement de politique sanitaire avec plus de moyens.<\/p>\n\n\n\n<p>La manifestation intervient en amont d&rsquo;une gr\u00e8ve annonc\u00e9e pour le 21 novembre, de 5 000 m\u00e9decins, notamment des p\u00e9diatres, qui protestent contre leur \u00ab&nbsp;<em>surcharge de travail&nbsp;<\/em>\u00bb, leurs carnets de rendez-vous \u00ab&nbsp;<em>sans fin<\/em>&nbsp;\u00bb et \u00ab&nbsp;<em>l&rsquo;insuffisance du temps pass\u00e9 avec (leurs) patients<\/em>&nbsp;\u00bb.<\/p>\n","protected":false},"excerpt":{"rendered":"<p>Quelque 200&nbsp;000 personnes selon les autorit\u00e9s de Madrid et&nbsp;le triple selon les organisateurs. Les manifestants ont parcouru les rues de<\/p>\n","protected":false},"author":1,"featured_media":3233,"comment_status":"open","ping_status":"open","sticky":false,"template":"","format":"standard","meta":{"footnotes":""},"categories":[26],"tags":[],"class_list":["post-3232","post","type-post","status-publish","format-standard","has-post-thumbnail","hentry","category-fait-divers"],"_links":{"self":[{"href":"https:\/\/dekkbi.com\/index.php?rest_route=\/wp\/v2\/posts\/3232","targetHints":{"allow":["GET"]}}],"collection":[{"href":"https:\/\/dekkbi.com\/index.php?rest_route=\/wp\/v2\/posts"}],"about":[{"href":"https:\/\/dekkbi.com\/index.php?rest_route=\/wp\/v2\/types\/post"}],"author":[{"embeddable":true,"href":"https:\/\/dekkbi.com\/index.php?rest_route=\/wp\/v2\/users\/1"}],"replies":[{"embeddable":true,"href":"https:\/\/dekkbi.com\/index.php?rest_route=%2Fwp%2Fv2%2Fcomments&post=3232"}],"version-history":[{"count":2,"href":"https:\/\/dekkbi.com\/index.php?rest_route=\/wp\/v2\/posts\/3232\/revisions"}],"predecessor-version":[{"id":3241,"href":"https:\/\/dekkbi.com\/index.php?rest_route=\/wp\/v2\/posts\/3232\/revisions\/3241"}],"wp:featuredmedia":[{"embeddable":true,"href":"https:\/\/dekkbi.com\/index.php?rest_route=\/wp\/v2\/media\/3233"}],"wp:attachment":[{"href":"https:\/\/dekkbi.com\/index.php?rest_route=%2Fwp%2Fv2%2Fmedia&parent=3232"}],"wp:term":[{"taxonomy":"category","embeddable":true,"href":"https:\/\/dekkbi.com\/index.php?rest_route=%2Fwp%2Fv2%2Fcategories&post=3232"},{"taxonomy":"post_tag","embeddable":true,"href":"https:\/\/dekkbi.com\/index.php?rest_route=%2Fwp%2Fv2%2Ftags&post=3232"}],"curies":[{"name":"wp","href":"https:\/\/api.w.org\/{rel}","templated":true}]}}