{"id":32294,"date":"2024-03-07T09:28:50","date_gmt":"2024-03-07T09:28:50","guid":{"rendered":"https:\/\/dekkbi.com\/?p=32294"},"modified":"2024-03-07T09:52:47","modified_gmt":"2024-03-07T09:52:47","slug":"les-deputes-ont-adopte-le-projet-de-loi-portant-amnistie-generale","status":"publish","type":"post","link":"https:\/\/dekkbi.com\/?p=32294","title":{"rendered":"Les d\u00e9put\u00e9s ont adopt\u00e9 le projet de loi portant amnistie g\u00e9n\u00e9rale"},"content":{"rendered":"\n<p>Dakar,  (APS) \u2013 L\u2019Assembl\u00e9e nationale a vot\u00e9, mercredi soir, le projet de loi portant amnistie g\u00e9n\u00e9rale des faits de violences en lien avec la politique, survenus entre f\u00e9vrier 2021 et f\u00e9vrier 2024.<\/p>\n\n\n\n<p>En tout, 95 d\u00e9put\u00e9s ont vot\u00e9 pour l\u2019adoption du projet d\u2019amnistie g\u00e9n\u00e9rale, 49 ont vot\u00e9 contre et 2 d\u00e9put\u00e9s se sont abstenus.<\/p>\n\n\n\n<p>Les d\u00e9put\u00e9s ont adopt\u00e9 aussi \u00e0 la majorit\u00e9 l\u2019ensemble des articles du projet de loi.<\/p>\n\n\n\n<p>Le projet de loi adopt\u00e9 par en Conseil des ministres le 28 f\u00e9vrier avait \u00e9t\u00e9 agit\u00e9 par le chef de l\u2019Etat \u00e0 l\u2019ouverture du dialogue national organis\u00e9 les 26 et f\u00e9vrier au Centre international de conf\u00e9rences Abdou Diouf de Diamniadio.<\/p>\n\n\n\n<p>De nombreuses personnes ont perdu la vie ou bless\u00e9es lors de manifestations violentes ayant secou\u00e9 le S\u00e9n\u00e9gal depuis le d\u00e9clenchement de proc\u00e9dures judiciaires \u00e0 l\u2019encontre de l\u2019opposant, Ousmane Sonko, accus\u00e9 de \u201dviols r\u00e9p\u00e9titifs et menaces de mort\u201d par Adji Sarr, une employ\u00e9e d\u2019un salon de massage \u00e0 Dakar.<\/p>\n\n\n\n<p>Dans l\u2019expos\u00e9 des motifs, le chef de l\u2019Etat \u00e9voque un besoin d\u2019apaiser le \u201dclimat politique et social\u201d de renforcer \u201dla coh\u00e9sion nationale\u201d et de consolider \u201dle dialogue national\u201d et permettre \u00e0 \u201dcertaines personnes qui ont eu maille \u00e0 partir avec la justice de participer pleinement \u00e0 la vie d\u00e9mocratique\u201d.<\/p>\n\n\n\n<p>\u2018\u2019Le projet de loi intervient pour amnistier les infractions commises tant au S\u00e9n\u00e9gal qu\u2019\u00e0 l\u2019\u00e9tranger et couvrant une p\u00e9riode allant de 2021 \u00e0 2024. (\u2026) Il permettra \u00e0 des personnes priv\u00e9es de leurs droits civiques et politiques d\u2019\u00eatre r\u00e9tablies dans leurs droits\u2019\u2019, lit-on dans le document soumis aux d\u00e9put\u00e9s.<\/p>\n\n\n\n<p>Il y est mentionn\u00e9 que sont amnisti\u00e9s, de plein droit, tous les faits susceptibles de rev\u00eatir la qualification d\u2019infraction criminelle ou correctionnelle, commis entre le 1er&nbsp;f\u00e9vrier 2021 et le 25 f\u00e9vrier 2024 tant au S\u00e9n\u00e9gal qu\u2019\u00e0 l\u2019\u00e9tranger, se rapportant \u00e0 des manifestations ou ayant des motivations politiques y compris celles faites par tous les supports de communication, que leurs auteurs aient \u00e9t\u00e9 jug\u00e9s ou non.<\/p>\n\n\n\n<p>\u2018\u2019L\u2019amnistie entraine, sans qu\u2019elle ne puisse jamais donner lieu \u00e0 restitution, la remise totale de toutes les peines principales, accessoires et compl\u00e9mentaires, ainsi que la disparition de toutes les d\u00e9ch\u00e9ances, exclusions, incapacit\u00e9s et privations de droits attach\u00e9s \u00e0 la peine\u2019\u2019, lit-on dans le document.<\/p>\n\n\n\n<p>ABD\/OID\/AKS<\/p>\n","protected":false},"excerpt":{"rendered":"<p>Dakar, (APS) \u2013 L\u2019Assembl\u00e9e nationale a vot\u00e9, mercredi soir, le projet de loi portant amnistie g\u00e9n\u00e9rale des faits de violences<\/p>\n","protected":false},"author":1,"featured_media":3971,"comment_status":"open","ping_status":"closed","sticky":false,"template":"","format":"standard","meta":{"footnotes":""},"categories":[21],"tags":[],"class_list":["post-32294","post","type-post","status-publish","format-standard","has-post-thumbnail","hentry","category-societe"],"_links":{"self":[{"href":"https:\/\/dekkbi.com\/index.php?rest_route=\/wp\/v2\/posts\/32294","targetHints":{"allow":["GET"]}}],"collection":[{"href":"https:\/\/dekkbi.com\/index.php?rest_route=\/wp\/v2\/posts"}],"about":[{"href":"https:\/\/dekkbi.com\/index.php?rest_route=\/wp\/v2\/types\/post"}],"author":[{"embeddable":true,"href":"https:\/\/dekkbi.com\/index.php?rest_route=\/wp\/v2\/users\/1"}],"replies":[{"embeddable":true,"href":"https:\/\/dekkbi.com\/index.php?rest_route=%2Fwp%2Fv2%2Fcomments&post=32294"}],"version-history":[{"count":1,"href":"https:\/\/dekkbi.com\/index.php?rest_route=\/wp\/v2\/posts\/32294\/revisions"}],"predecessor-version":[{"id":32295,"href":"https:\/\/dekkbi.com\/index.php?rest_route=\/wp\/v2\/posts\/32294\/revisions\/32295"}],"wp:featuredmedia":[{"embeddable":true,"href":"https:\/\/dekkbi.com\/index.php?rest_route=\/wp\/v2\/media\/3971"}],"wp:attachment":[{"href":"https:\/\/dekkbi.com\/index.php?rest_route=%2Fwp%2Fv2%2Fmedia&parent=32294"}],"wp:term":[{"taxonomy":"category","embeddable":true,"href":"https:\/\/dekkbi.com\/index.php?rest_route=%2Fwp%2Fv2%2Fcategories&post=32294"},{"taxonomy":"post_tag","embeddable":true,"href":"https:\/\/dekkbi.com\/index.php?rest_route=%2Fwp%2Fv2%2Ftags&post=32294"}],"curies":[{"name":"wp","href":"https:\/\/api.w.org\/{rel}","templated":true}]}}