{"id":32290,"date":"2024-03-06T16:53:02","date_gmt":"2024-03-06T16:53:02","guid":{"rendered":"https:\/\/dekkbi.com\/?p=32290"},"modified":"2024-03-06T16:53:02","modified_gmt":"2024-03-06T16:53:02","slug":"probleme-avec-luis-enrique-kylian-mbappe-sort-du-silence","status":"publish","type":"post","link":"https:\/\/dekkbi.com\/?p=32290","title":{"rendered":"Probl\u00e8me avec Luis Enrique ? Kylian Mbapp\u00e9 sort du silence"},"content":{"rendered":"\n<p>iGFM (Dakar) Kylian Mbapp\u00e9 \u00e9tait tr\u00e8s satisfait de la victoire du PSG sur la pelouse de la Real Sociedad (2-1), ce mardi, et de la qualification pour les quarts de finale de la C1. Il a ajout\u00e9 qu&rsquo;il n&rsquo;avait \u00ab aucun probl\u00e8me \u00bb avec Luis Enrique.<\/p>\n\n\n\n<p>Auteur d&rsquo;un doubl\u00e9 mardi face \u00e0 la Real Sociedad qui en fait le co-meilleur buteur de la Ligue des champions, avec Harry Kane (6 r\u00e9alisations), Kylian Mbapp\u00e9 s&rsquo;est montr\u00e9 satisfait par la prestation de son \u00e9quipe en huiti\u00e8mes de finale retour (2-1).<br><br>\u00abOn est tr\u00e8s contents, c&rsquo;\u00e9tait l&rsquo;objectif,\u00a0\u00bb a-t-il dit au micro de Canal+. \u00ab\u00a0On voulait se qualifier, gagner et se rendre le match plus facile. On a marqu\u00e9 rapidement, on ne s&rsquo;est pas mis en grand danger sauf \u00e0 la fin, mais ce n&rsquo;est pas quelque chose qu&rsquo;on retiendra. Il ne fallait pas dormir parce que 2-0, c&rsquo;est un score un peu tra\u00eetre. On est tr\u00e8s contents d&rsquo;\u00eatre en quarts de finale.<br><br><strong>\u00ab\u00a0Il n&rsquo;y a aucun probl\u00e8me avec le coach\u00a0\u00bb<br><br><\/strong>Interrog\u00e9 sur son statut au PSG, il a r\u00e9pondu : \u00ab Je n&rsquo;ai pas de message particulier. Je veux jouer la Ligue des champions. Des fois j&rsquo;y arrive, des fois non, mais je ne serai jamais un joueur qui me cache. Il n&rsquo;y a aucun probl\u00e8me avec le coach (Luis Enrique). J&rsquo;en ai des probl\u00e8mes mais le coach n&rsquo;en est pas un. \u00bb Et le capitaine parisien, apr\u00e8s avoir \u00e9t\u00e9 sorti en cours de match contre Rennes (1-1) et \u00e0 la mi-temps \u00e0 Monaco (0-0), a cette fois jou\u00e9 l&rsquo;int\u00e9gralit\u00e9 de la rencontre, ce mardi soir.<br><br>Avec L&rsquo;Equipe<\/p>\n","protected":false},"excerpt":{"rendered":"<p>iGFM (Dakar) Kylian Mbapp\u00e9 \u00e9tait tr\u00e8s satisfait de la victoire du PSG sur la pelouse de la Real Sociedad (2-1),<\/p>\n","protected":false},"author":1,"featured_media":32291,"comment_status":"open","ping_status":"open","sticky":false,"template":"","format":"standard","meta":{"footnotes":""},"categories":[9],"tags":[],"class_list":["post-32290","post","type-post","status-publish","format-standard","has-post-thumbnail","hentry","category-sports"],"_links":{"self":[{"href":"https:\/\/dekkbi.com\/index.php?rest_route=\/wp\/v2\/posts\/32290","targetHints":{"allow":["GET"]}}],"collection":[{"href":"https:\/\/dekkbi.com\/index.php?rest_route=\/wp\/v2\/posts"}],"about":[{"href":"https:\/\/dekkbi.com\/index.php?rest_route=\/wp\/v2\/types\/post"}],"author":[{"embeddable":true,"href":"https:\/\/dekkbi.com\/index.php?rest_route=\/wp\/v2\/users\/1"}],"replies":[{"embeddable":true,"href":"https:\/\/dekkbi.com\/index.php?rest_route=%2Fwp%2Fv2%2Fcomments&post=32290"}],"version-history":[{"count":1,"href":"https:\/\/dekkbi.com\/index.php?rest_route=\/wp\/v2\/posts\/32290\/revisions"}],"predecessor-version":[{"id":32292,"href":"https:\/\/dekkbi.com\/index.php?rest_route=\/wp\/v2\/posts\/32290\/revisions\/32292"}],"wp:featuredmedia":[{"embeddable":true,"href":"https:\/\/dekkbi.com\/index.php?rest_route=\/wp\/v2\/media\/32291"}],"wp:attachment":[{"href":"https:\/\/dekkbi.com\/index.php?rest_route=%2Fwp%2Fv2%2Fmedia&parent=32290"}],"wp:term":[{"taxonomy":"category","embeddable":true,"href":"https:\/\/dekkbi.com\/index.php?rest_route=%2Fwp%2Fv2%2Fcategories&post=32290"},{"taxonomy":"post_tag","embeddable":true,"href":"https:\/\/dekkbi.com\/index.php?rest_route=%2Fwp%2Fv2%2Ftags&post=32290"}],"curies":[{"name":"wp","href":"https:\/\/api.w.org\/{rel}","templated":true}]}}