{"id":32272,"date":"2024-03-06T15:06:20","date_gmt":"2024-03-06T15:06:20","guid":{"rendered":"https:\/\/dekkbi.com\/?p=32272"},"modified":"2024-03-06T16:02:25","modified_gmt":"2024-03-06T16:02:25","slug":"champ-dapplication-de-la-loi-damnistie-generale-une-prerogative-devolue-au-juge-ministre","status":"publish","type":"post","link":"https:\/\/dekkbi.com\/?p=32272","title":{"rendered":"Champ d\u2019application de la loi d\u2019amnistie g\u00e9n\u00e9rale: \u201cune pr\u00e9rogative d\u00e9volue au juge\u201d (ministre)"},"content":{"rendered":"\n<p>Dakar,  (APS) \u2013 Le champ d\u2019application de la loi d\u2019amnistie g\u00e9n\u00e9rale des faits commis entre le 1er f\u00e9vrier 2021 et le 25 f\u00e9vrier 2024, en lien avec des manifestations ou ayant des motivations politiques est une \u2018\u2019pr\u00e9rogative d\u00e9volue au juge\u2019\u2019, a pr\u00e9cis\u00e9 la garde des Sceaux, ministre de la Justice.<\/p>\n\n\n\n<p>Aissata Tall Sall a apport\u00e9 cet \u00e9claircissement lors de l\u2019examen de ce projet par la commission des lois, de la d\u00e9centralisation, du travail et des institutions de l\u2019Assembl\u00e9e nationale.<\/p>\n\n\n\n<p>Selon le rapport de cette commission consult\u00e9 par l\u2019APS, la garde des Sceaux a expliqu\u00e9 que \u2018\u2019la loi ne sp\u00e9cifie pas et n\u2019indexe pas la personne qui va en b\u00e9n\u00e9ficier\u2019\u2019. \u2018\u2019Ceci est une pr\u00e9rogative d\u00e9volue au juge\u201d, a-t-elle pr\u00e9cis\u00e9.<\/p>\n\n\n\n<p>Elle s\u2019est appesantie sur les aspects fondamentaux de la loi, qui renvoient \u00e0 son caract\u00e8re g\u00e9n\u00e9ral et impersonnel ainsi que son application \u201derga omnes\u201d (d\u2019application g\u00e9n\u00e9rale ou \u00e0 l\u2019\u00e9gard de tous).<\/p>\n\n\n\n<p>Ce qui signifie que toutes les manifestations marqu\u00e9es par des incidents de violences pendant cette temporalit\u00e9s sont concern\u00e9es par l\u2019amnistie, a-t-elle indiqu\u00e9.<\/p>\n\n\n\n<p>\u2018\u2019Par contre, la qualification des faits de personnes qui ont commis d\u2019autres crimes ou d\u00e9lits dans d\u2019autres circonstances sont hors port\u00e9e de cette loi\u2019\u2019, a-t-elle expliqu\u00e9.<\/p>\n\n\n\n<p>\u2018\u2019La qualification des faits est du ressort exclusif du juge, qui est le seul habill\u00e9 \u00e0 d\u00e9cider si le fait poursuivi b\u00e9n\u00e9ficie ou pas d\u2019une amnistie\u2019\u2019, a-t- elle ajout\u00e9.<\/p>\n\n\n\n<p>La pl\u00e9ni\u00e8re devant examiner le projet de loi portant amnistie g\u00e9n\u00e9rale des faits commis entre le 1er f\u00e9vrier 2021 et le 25 f\u00e9vrier 2024, en lien avec des manifestations ou ayant des motivations politiques, a d\u00e9marr\u00e9 mercredi \u00e0 l\u2019Assembl\u00e9e nationale.<\/p>\n\n\n\n<p>Ce projet de loi adopt\u00e9 mardi par la commission des lois, de la d\u00e9centralisation, du travail et des droits humains de l\u2019Assembl\u00e9e nationale sera d\u00e9fendu par la garde des Sceaux, ministre de la Justice, A\u00efssata Tall Sall, au nom du gouvernement.<\/p>\n\n\n\n<p>Le ministre du Travail, du Dialogue social et des Relations avec les institutions, Samba Sy, va \u00e9galement prendre part \u00e0 cette s\u00e9ance pl\u00e9ni\u00e8re, aux c\u00f4t\u00e9s de sa coll\u00e8gue charg\u00e9e du d\u00e9partement de la Justice.<\/p>\n\n\n\n<p>Macky Sall, dans un d\u00e9cret du 1<sup>er<\/sup>&nbsp;mars, a ordonn\u00e9 \u00e0 la garde des Sceaux de pr\u00e9senter aux d\u00e9put\u00e9s le projet de loi portant amnistie, qui vise notamment \u00e0 apaiser le climat politique et social, selon le gouvernement.<\/p>\n\n\n\n<p>Il vise \u00e9galement \u2018\u2019le renforcement de la coh\u00e9sion nationale et la consolidation du dialogue national, tout en permettant \u00e0 certaines personnes qui ont eu maille \u00e0 partir avec la justice de participer pleinement \u00e0 la vie d\u00e9mocratique\u2019\u2019.<\/p>\n\n\n\n<p>\u2018\u2019Le projet de loi survient pour amnistier les infractions commises tant au S\u00e9n\u00e9gal qu\u2019\u00e0 l\u2019\u00e9tranger et couvrant une p\u00e9riode allant de 2021 \u00e0 2024 [\u2026]. Il permettra \u00e0 des personnes priv\u00e9es de leurs droits civiques et politiques d\u2019\u00eatre r\u00e9tablies dans leurs droits\u2019\u2019, lit-on dans l\u2019expos\u00e9 des motifs du projet qui sera soumis aux d\u00e9put\u00e9s.<\/p>\n\n\n\n<p>Le texte affirme que \u2018\u2019sont amnisti\u00e9s, de plein droit, tous les faits susceptibles de rev\u00eatir la qualification d\u2019infraction criminelle ou correctionnelle, commis entre le 1er f\u00e9vrier 2021 et le 25 f\u00e9vrier 2024, tant au S\u00e9n\u00e9gal qu\u2019\u00e0 l\u2019\u00e9tranger, se rapportant \u00e0 des manifestations ou ayant des motivations politiques, y compris celles faites par tous les supports de communication, que leurs auteurs aient \u00e9t\u00e9 jug\u00e9s ou non\u2019\u2019.<\/p>\n\n\n\n<p>\u2018\u2019L\u2019amnistie entra\u00eene, sans qu\u2019elle ne puisse jamais donner lieu \u00e0 restitution, la remise totale de toutes les peines principales, accessoires et compl\u00e9mentaires, ainsi que la disparition de toutes les d\u00e9ch\u00e9ances, exclusions, incapacit\u00e9s et privations de droits attach\u00e9s \u00e0 la peine\u2019\u2019, lit-on dans le document.<\/p>\n\n\n\n<p>De nombreuses voix se sont \u00e9lev\u00e9es au sein de l\u2019opposition et de la soci\u00e9t\u00e9 civile pour d\u00e9sapprouver cette initiative<\/p>\n\n\n\n<p>ABD\/ASG\/OID<\/p>\n","protected":false},"excerpt":{"rendered":"<p>Dakar, (APS) \u2013 Le champ d\u2019application de la loi d\u2019amnistie g\u00e9n\u00e9rale des faits commis entre le 1er f\u00e9vrier 2021 et<\/p>\n","protected":false},"author":1,"featured_media":31695,"comment_status":"open","ping_status":"open","sticky":false,"template":"","format":"standard","meta":{"footnotes":""},"categories":[6],"tags":[],"class_list":["post-32272","post","type-post","status-publish","format-standard","has-post-thumbnail","hentry","category-politics"],"_links":{"self":[{"href":"https:\/\/dekkbi.com\/index.php?rest_route=\/wp\/v2\/posts\/32272","targetHints":{"allow":["GET"]}}],"collection":[{"href":"https:\/\/dekkbi.com\/index.php?rest_route=\/wp\/v2\/posts"}],"about":[{"href":"https:\/\/dekkbi.com\/index.php?rest_route=\/wp\/v2\/types\/post"}],"author":[{"embeddable":true,"href":"https:\/\/dekkbi.com\/index.php?rest_route=\/wp\/v2\/users\/1"}],"replies":[{"embeddable":true,"href":"https:\/\/dekkbi.com\/index.php?rest_route=%2Fwp%2Fv2%2Fcomments&post=32272"}],"version-history":[{"count":1,"href":"https:\/\/dekkbi.com\/index.php?rest_route=\/wp\/v2\/posts\/32272\/revisions"}],"predecessor-version":[{"id":32273,"href":"https:\/\/dekkbi.com\/index.php?rest_route=\/wp\/v2\/posts\/32272\/revisions\/32273"}],"wp:featuredmedia":[{"embeddable":true,"href":"https:\/\/dekkbi.com\/index.php?rest_route=\/wp\/v2\/media\/31695"}],"wp:attachment":[{"href":"https:\/\/dekkbi.com\/index.php?rest_route=%2Fwp%2Fv2%2Fmedia&parent=32272"}],"wp:term":[{"taxonomy":"category","embeddable":true,"href":"https:\/\/dekkbi.com\/index.php?rest_route=%2Fwp%2Fv2%2Fcategories&post=32272"},{"taxonomy":"post_tag","embeddable":true,"href":"https:\/\/dekkbi.com\/index.php?rest_route=%2Fwp%2Fv2%2Ftags&post=32272"}],"curies":[{"name":"wp","href":"https:\/\/api.w.org\/{rel}","templated":true}]}}